{"id":55917,"date":"2026-04-29T23:40:01","date_gmt":"2026-04-30T05:40:01","guid":{"rendered":"https:\/\/informebajio.com.mx\/?p=55917"},"modified":"2026-04-29T23:40:01","modified_gmt":"2026-04-30T05:40:01","slug":"brinda-dif-corregidora-apoyos-a-personas-con-discapacidad","status":"publish","type":"post","link":"https:\/\/informebajio.com.mx\/?p=55917","title":{"rendered":"Brinda DIF Corregidora apoyos a personas con discapacidad"},"content":{"rendered":"<div>\n<p><span style=\"font-weight: 400;\">Noticias\u00a0<\/span><\/p>\n<p>\u00a0<\/p>\n<p><span style=\"font-weight: 400;\">El Sistema Municipal DIF de Corregidora dio a conocer los servicios que brinda a las personas que cuentan con discapacidad motora, intelectual o sensorial, con el objetivo de coadyuvar y facilitar su d\u00eda a d\u00eda a trav\u00e9s de terapias f\u00edsicas con traslados especiales, apoyos econ\u00f3micos y documentaci\u00f3n oficial.\u00a0<\/span><\/p>\n<p><span style=\"font-weight: 400;\">A trav\u00e9s de la Unidad B\u00e1sica de Rehabilitaci\u00f3n (UBR) se han impartido m\u00e1s de 2 mil 700 terapias f\u00edsicas y 941 terapias de lenguaje durante la actual Administraci\u00f3n, as\u00ed como cerca de 300 traslados con transporte especializado a personas con problemas de movilidad que asisten a sus sesiones.\u00a0<\/span><\/p>\n<p><span style=\"font-weight: 400;\">Asimismo, por medio de la Coordinaci\u00f3n de Accesibilidad e Inclusi\u00f3n de Personas con Discapacidad, 627 personas con discapacidad reciben un apoyo econ\u00f3mico semestral, adem\u00e1s de haber entregado 420 tarjetones de estacionamiento exclusivos, con la finalidad de facilitar su movilidad y autonom\u00eda.\u00a0<\/span><\/p>\n<p><span style=\"font-weight: 400;\">La presidenta del Patronato del Sistema Municipal DIF Corregidora, Gaby Tr\u00e1pala, reiter\u00f3 su compromiso, no solo para apoyar a las personas con discapacidad, tambi\u00e9n para visibilizar su resiliencia, valent\u00eda y determinaci\u00f3n, y as\u00ed, facilitar su d\u00eda a d\u00eda en la sociedad.\u00a0<\/span><\/p>\n<p><span style=\"font-weight: 400;\">\u201cDesde el DIF Municipal de Corregidora, trabajamos con humanismo, colocando a las personas en el centro de toda pol\u00edtica p\u00fablica, con la finalidad de impactar de manera positiva sus vidas y las de sus familias. Con empat\u00eda, compromiso y equidad avanzamos A Paso Firme\u201d, coment\u00f3.\u00a0<\/span><\/p>\n<p><span style=\"font-weight: 400;\">Cabe se\u00f1alar que el DIF Corregidora valida de manera constante la documentaci\u00f3n recibida, con el objetivo de asegurar que los apoyos lleguen exclusivamente a residentes del municipio con documentos actualizados.<\/span><\/p>\n<\/div>\n<p><script>(function(d, s, id) {\n  var js, fjs = d.getElementsByTagName(s)[0];\n  if (d.getElementById(id)) return;\n  js = d.createElement(s); js.id = id;\n  js.src = \"\/\/connect.facebook.net\/es_LA\/sdk.js#xfbml=1&appId=546007945598485&version=v2.3\";\n  fjs.parentNode.insertBefore(js, fjs);\n}(document, 'script', 'facebook-jssdk'));<\/script><\/p>\n","protected":false},"excerpt":{"rendered":"<p>Noticias\u00a0 \u00a0 El Sistema Municipal DIF de Corregidora dio a conocer los servicios que brinda a las personas que cuentan con discapacidad motora, intelectual o sensorial, con el objetivo de coadyuvar y facilitar su d\u00eda a d\u00eda a trav\u00e9s de terapias f\u00edsicas con traslados especiales, apoyos econ\u00f3micos y documentaci\u00f3n oficial.\u00a0 A trav\u00e9s de la Unidad [&hellip;]<\/p>\n","protected":false},"author":2,"featured_media":55918,"comment_status":"","ping_status":"","sticky":false,"template":"","format":"standard","meta":{"_monsterinsights_skip_tracking":false,"_monsterinsights_sitenote_active":false,"_monsterinsights_sitenote_note":"","_monsterinsights_sitenote_category":0,"footnotes":""},"categories":[4],"tags":[],"class_list":["post-55917","post","type-post","status-publish","format-standard","has-post-thumbnail","hentry","category-queretaro"],"_links":{"self":[{"href":"https:\/\/informebajio.com.mx\/index.php?rest_route=\/wp\/v2\/posts\/55917","targetHints":{"allow":["GET"]}}],"collection":[{"href":"https:\/\/informebajio.com.mx\/index.php?rest_route=\/wp\/v2\/posts"}],"about":[{"href":"https:\/\/informebajio.com.mx\/index.php?rest_route=\/wp\/v2\/types\/post"}],"author":[{"embeddable":true,"href":"https:\/\/informebajio.com.mx\/index.php?rest_route=\/wp\/v2\/users\/2"}],"replies":[{"embeddable":true,"href":"https:\/\/informebajio.com.mx\/index.php?rest_route=%2Fwp%2Fv2%2Fcomments&post=55917"}],"version-history":[{"count":0,"href":"https:\/\/informebajio.com.mx\/index.php?rest_route=\/wp\/v2\/posts\/55917\/revisions"}],"wp:featuredmedia":[{"embeddable":true,"href":"https:\/\/informebajio.com.mx\/index.php?rest_route=\/wp\/v2\/media\/55918"}],"wp:attachment":[{"href":"https:\/\/informebajio.com.mx\/index.php?rest_route=%2Fwp%2Fv2%2Fmedia&parent=55917"}],"wp:term":[{"taxonomy":"category","embeddable":true,"href":"https:\/\/informebajio.com.mx\/index.php?rest_route=%2Fwp%2Fv2%2Fcategories&post=55917"},{"taxonomy":"post_tag","embeddable":true,"href":"https:\/\/informebajio.com.mx\/index.php?rest_route=%2Fwp%2Fv2%2Ftags&post=55917"}],"curies":[{"name":"wp","href":"https:\/\/api.w.org\/{rel}","templated":true}]}}