{"id":55931,"date":"2026-04-30T14:43:17","date_gmt":"2026-04-30T20:43:17","guid":{"rendered":"https:\/\/informebajio.com.mx\/?p=55931"},"modified":"2026-04-30T14:43:17","modified_gmt":"2026-04-30T20:43:17","slug":"diaz-gayou-no-se-ha-excusado-formalmente-mesa-directiva","status":"publish","type":"post","link":"https:\/\/informebajio.com.mx\/?p=55931","title":{"rendered":"D\u00edaz Gayou no se ha excusado formalmente: Mesa Directiva"},"content":{"rendered":"<div>\n<p><span style=\"font-weight: 400;\">Diego Hern\u00e1ndez\u00a0<\/span><\/p>\n<p><span style=\"font-weight: 400;\">Noticias\u00a0<\/span><\/p>\n<p><span style=\"font-weight: 400;\">Hay una intenci\u00f3n de someter a juicio pol\u00edtico a Claudia D\u00edaz Gayou, por un presunto conflicto de inter\u00e9s en su participaci\u00f3n como proveedora para el municipio de Tequisquiapan en 2024. Sinuh\u00e9 Piedragil, diputado presidente de la Mesa Directiva del Congreso Local inform\u00f3 que a\u00fan no se excusa formalmente ante ellos.<\/span><\/p>\n<p><span style=\"font-weight: 400;\">\u201cA m\u00ed no me han presentado, a m\u00ed en esta mesa, ning\u00fan documental sobre los temas que t\u00fa refieres. -\u00bfNi de manera informal ella?- Pues s\u00ed, de forma informal, est\u00e1n todas las manifestaciones que hacen varios diputados y diputadas, pero yo no le voy a entrar a ese tema\u201d.<\/span><\/p>\n<p><span style=\"font-weight: 400;\">Recientemente Juliana Hern\u00e1ndez Quintanar presidenta de la Comisi\u00f3n Instructora dio a conocer la posibilidad de someter a juicio pol\u00edtico a D\u00edaz Gayou ya que podr\u00edan ver un posible abuso de ella al revisar las Cuentas P\u00fablicas del 2024, cuando ella fuera proveedora para el municipio de Tequisquiapan.<\/span><\/p>\n<p><span style=\"font-weight: 400;\">Ante eso, la diputada por el Partido del Trabajo asegur\u00f3 que la buscan desaforar y quitarla de la diputaci\u00f3n, debido a todo lo que conoce de la revisi\u00f3n a las cuentas p\u00fablicas, que consider\u00f3 no se hicieron de manera adecuada, se\u00f1al\u00f3 no temer a las represalias.<\/span><\/p>\n<p><span style=\"font-weight: 400;\">Piedragil Ortiz se\u00f1al\u00f3 que ser\u00e1 prudente y no dar\u00e1 opiniones a cuestiones que no son hechos, ya que no hay una petici\u00f3n de juicio pol\u00edtico en contra de la diputada, pero tampoco ha formalizado su excusa por haber sido proveedora para la administraci\u00f3n de Tequisquiapan.<\/span><\/p>\n<p><span style=\"font-weight: 400;\">El presidente de la Mesa Directiva consider\u00f3 que se est\u00e1 dejando de lado el tema principal que es la rendici\u00f3n de cuentas a los queretanos y a\u00fan no hay un avance en pleno de la discusi\u00f3n del dictamen aprobado en comisi\u00f3n por la revisi\u00f3n de m\u00e1s de 50 informes de instituciones p\u00fablicas.<\/span><\/p>\n<p><span style=\"font-weight: 400;\">Desde su perspectiva eso es lo importante, espera que pronto haya una soluci\u00f3n, sin embargo, reiter\u00f3 que hasta el momento no hay una petici\u00f3n a la Mesa Directiva para excusarse.<\/span><\/p>\n<\/div>\n<p><script>(function(d, s, id) {\n  var js, fjs = d.getElementsByTagName(s)[0];\n  if (d.getElementById(id)) return;\n  js = d.createElement(s); js.id = id;\n  js.src = \"\/\/connect.facebook.net\/es_LA\/sdk.js#xfbml=1&appId=546007945598485&version=v2.3\";\n  fjs.parentNode.insertBefore(js, fjs);\n}(document, 'script', 'facebook-jssdk'));<\/script><\/p>\n","protected":false},"excerpt":{"rendered":"<p>Diego Hern\u00e1ndez\u00a0 Noticias\u00a0 Hay una intenci\u00f3n de someter a juicio pol\u00edtico a Claudia D\u00edaz Gayou, por un presunto conflicto de inter\u00e9s en su participaci\u00f3n como proveedora para el municipio de Tequisquiapan en 2024. Sinuh\u00e9 Piedragil, diputado presidente de la Mesa Directiva del Congreso Local inform\u00f3 que a\u00fan no se excusa formalmente ante ellos. \u201cA m\u00ed [&hellip;]<\/p>\n","protected":false},"author":2,"featured_media":55932,"comment_status":"","ping_status":"","sticky":false,"template":"","format":"standard","meta":{"_monsterinsights_skip_tracking":false,"_monsterinsights_sitenote_active":false,"_monsterinsights_sitenote_note":"","_monsterinsights_sitenote_category":0,"footnotes":""},"categories":[4],"tags":[],"class_list":["post-55931","post","type-post","status-publish","format-standard","has-post-thumbnail","hentry","category-queretaro"],"_links":{"self":[{"href":"https:\/\/informebajio.com.mx\/index.php?rest_route=\/wp\/v2\/posts\/55931","targetHints":{"allow":["GET"]}}],"collection":[{"href":"https:\/\/informebajio.com.mx\/index.php?rest_route=\/wp\/v2\/posts"}],"about":[{"href":"https:\/\/informebajio.com.mx\/index.php?rest_route=\/wp\/v2\/types\/post"}],"author":[{"embeddable":true,"href":"https:\/\/informebajio.com.mx\/index.php?rest_route=\/wp\/v2\/users\/2"}],"replies":[{"embeddable":true,"href":"https:\/\/informebajio.com.mx\/index.php?rest_route=%2Fwp%2Fv2%2Fcomments&post=55931"}],"version-history":[{"count":0,"href":"https:\/\/informebajio.com.mx\/index.php?rest_route=\/wp\/v2\/posts\/55931\/revisions"}],"wp:featuredmedia":[{"embeddable":true,"href":"https:\/\/informebajio.com.mx\/index.php?rest_route=\/wp\/v2\/media\/55932"}],"wp:attachment":[{"href":"https:\/\/informebajio.com.mx\/index.php?rest_route=%2Fwp%2Fv2%2Fmedia&parent=55931"}],"wp:term":[{"taxonomy":"category","embeddable":true,"href":"https:\/\/informebajio.com.mx\/index.php?rest_route=%2Fwp%2Fv2%2Fcategories&post=55931"},{"taxonomy":"post_tag","embeddable":true,"href":"https:\/\/informebajio.com.mx\/index.php?rest_route=%2Fwp%2Fv2%2Ftags&post=55931"}],"curies":[{"name":"wp","href":"https:\/\/api.w.org\/{rel}","templated":true}]}}