{"id":55935,"date":"2026-04-30T19:46:42","date_gmt":"2026-05-01T01:46:42","guid":{"rendered":"https:\/\/informebajio.com.mx\/?p=55935"},"modified":"2026-04-30T19:46:42","modified_gmt":"2026-05-01T01:46:42","slug":"alistan-peregrinacion-al-tepeyac-2026","status":"publish","type":"post","link":"https:\/\/informebajio.com.mx\/?p=55935","title":{"rendered":"Alistan Peregrinaci\u00f3n al Tepeyac 2026"},"content":{"rendered":"<div>\n<h2><span style=\"font-weight: 400;\">Presencia de lluvias ayudar\u00e1 a mitigar el calor intenso que afect\u00f3 el a\u00f1o pasado a los peregrinos<\/span><\/h2>\n<p><span style=\"font-weight: 400;\">Por Jahaira Lara<\/span><\/p>\n<p><span style=\"font-weight: 400;\">Noticias<\/span><\/p>\n<p>\u00a0<\/p>\n<p><span style=\"font-weight: 400;\">Las reuniones de log\u00edstica con autoridades estatales y municipales ya est\u00e1n en marcha para coordinar el paso de los contingentes que se dirigir\u00e1n hacia la Bas\u00edlica de Guadalupe, inform\u00f3 el vocero y vicario general de la Di\u00f3cesis de Quer\u00e9taro, Mart\u00edn Lara Becerril, quien confirm\u00f3 que con esto ya se iniciaron los preparativos formales para la tradicional peregrinaci\u00f3n al Tepeyac 2026.<\/span><\/p>\n<p><span style=\"font-weight: 400;\">\u200bPara este a\u00f1o, la Iglesia cat\u00f3lica prev\u00e9 una afluencia masiva de fieles, las estimaciones oficiales indican una participaci\u00f3n m\u00ednima de 45 mil hombres, 30 mil mujeres y aproximadamente siete mil ciclistas al cierre de la jornada en la Ciudad de M\u00e9xico, por lo que el vocero destac\u00f3 que esta movilizaci\u00f3n se consolida como una de las m\u00e1s grandes y organizadas a nivel nacional.<\/span><\/p>\n<p><span style=\"font-weight: 400;\">\u200bUno de los factores determinantes para esta edici\u00f3n ser\u00e1 el clima, asegur\u00f3, ya que tras sostener encuentros con la Coordinaci\u00f3n de Protecci\u00f3n Civil del Estado, se inform\u00f3 que los datos meteorol\u00f3gicos sugieren un adelanto en la temporada de lluvias.<\/span><\/p>\n<p><span style=\"font-weight: 400;\">Por lo que a pesar de que se esperan temperaturas altas, el vicario se\u00f1al\u00f3 que se espera la presencia de agua ayudar\u00e1 a mitigar el calor intenso que afect\u00f3 a los caminantes el a\u00f1o anterior.<\/span><\/p>\n<p><span style=\"font-weight: 400;\">\u200b\u201cHaremos las recomendaciones pertinentes a los peregrinos dependiendo si predominar\u00e1 la lluvia o el calor. Para el calor, como ustedes saben, llevamos todas las pipas, la hidrataci\u00f3n, el suero oral y para la lluvia, pues hay que implementar otro tipo de cosas como es el impermeable, el sombrero y cubrirse de esa manera\u201d, explic\u00f3 Lara Becerril, respecto a las medidas de prevenci\u00f3n que se adoptar\u00e1n para evitar golpes de calor.<\/span><\/p>\n<p><span style=\"font-weight: 400;\">\u200bLa log\u00edstica incluye una coordinaci\u00f3n interestatal con los gobiernos de Guanajuato, Hidalgo, Estado de M\u00e9xico y la Ciudad de M\u00e9xico, entidades que conforman la ruta del trayecto.<\/span><\/p>\n<p><span style=\"font-weight: 400;\">Cabe destacar que el calendario oficial establece que la columna de mujeres partir\u00e1 desde la comunidad de Neblinas el pr\u00f3ximo 10 de julio, mientras que el grupo de hombres har\u00e1 lo propio el d\u00eda 11 de julio. El arribo de todos los contingentes al Tepeyac se tiene programado para el domingo 26 de julio.<\/span><\/p>\n<p>\u00a0<\/p>\n<\/div>\n<p><script>(function(d, s, id) {\n  var js, fjs = d.getElementsByTagName(s)[0];\n  if (d.getElementById(id)) return;\n  js = d.createElement(s); js.id = id;\n  js.src = \"\/\/connect.facebook.net\/es_LA\/sdk.js#xfbml=1&appId=546007945598485&version=v2.3\";\n  fjs.parentNode.insertBefore(js, fjs);\n}(document, 'script', 'facebook-jssdk'));<\/script><\/p>\n","protected":false},"excerpt":{"rendered":"<p>Presencia de lluvias ayudar\u00e1 a mitigar el calor intenso que afect\u00f3 el a\u00f1o pasado a los peregrinos Por Jahaira Lara Noticias \u00a0 Las reuniones de log\u00edstica con autoridades estatales y municipales ya est\u00e1n en marcha para coordinar el paso de los contingentes que se dirigir\u00e1n hacia la Bas\u00edlica de Guadalupe, inform\u00f3 el vocero y vicario [&hellip;]<\/p>\n","protected":false},"author":2,"featured_media":55936,"comment_status":"","ping_status":"","sticky":false,"template":"","format":"standard","meta":{"_monsterinsights_skip_tracking":false,"_monsterinsights_sitenote_active":false,"_monsterinsights_sitenote_note":"","_monsterinsights_sitenote_category":0,"footnotes":""},"categories":[4],"tags":[],"class_list":["post-55935","post","type-post","status-publish","format-standard","has-post-thumbnail","hentry","category-queretaro"],"_links":{"self":[{"href":"https:\/\/informebajio.com.mx\/index.php?rest_route=\/wp\/v2\/posts\/55935","targetHints":{"allow":["GET"]}}],"collection":[{"href":"https:\/\/informebajio.com.mx\/index.php?rest_route=\/wp\/v2\/posts"}],"about":[{"href":"https:\/\/informebajio.com.mx\/index.php?rest_route=\/wp\/v2\/types\/post"}],"author":[{"embeddable":true,"href":"https:\/\/informebajio.com.mx\/index.php?rest_route=\/wp\/v2\/users\/2"}],"replies":[{"embeddable":true,"href":"https:\/\/informebajio.com.mx\/index.php?rest_route=%2Fwp%2Fv2%2Fcomments&post=55935"}],"version-history":[{"count":0,"href":"https:\/\/informebajio.com.mx\/index.php?rest_route=\/wp\/v2\/posts\/55935\/revisions"}],"wp:featuredmedia":[{"embeddable":true,"href":"https:\/\/informebajio.com.mx\/index.php?rest_route=\/wp\/v2\/media\/55936"}],"wp:attachment":[{"href":"https:\/\/informebajio.com.mx\/index.php?rest_route=%2Fwp%2Fv2%2Fmedia&parent=55935"}],"wp:term":[{"taxonomy":"category","embeddable":true,"href":"https:\/\/informebajio.com.mx\/index.php?rest_route=%2Fwp%2Fv2%2Fcategories&post=55935"},{"taxonomy":"post_tag","embeddable":true,"href":"https:\/\/informebajio.com.mx\/index.php?rest_route=%2Fwp%2Fv2%2Ftags&post=55935"}],"curies":[{"name":"wp","href":"https:\/\/api.w.org\/{rel}","templated":true}]}}