{"id":55941,"date":"2026-05-01T00:47:48","date_gmt":"2026-05-01T06:47:48","guid":{"rendered":"https:\/\/informebajio.com.mx\/?p=55941"},"modified":"2026-05-01T00:47:48","modified_gmt":"2026-05-01T06:47:48","slug":"formalizan-uaq-y-canal-22-alianza-para-potenciar-la-difusion-cultural-y-educativa","status":"publish","type":"post","link":"https:\/\/informebajio.com.mx\/?p=55941","title":{"rendered":"Formalizan UAQ y Canal 22 alianza para potenciar la difusi\u00f3n cultural y educativa"},"content":{"rendered":"<div>\n<p><span style=\"font-weight: 400;\">Por Jahaira Lara<\/span><\/p>\n<p><span style=\"font-weight: 400;\">Noticias<\/span><\/p>\n<p>\u00a0<\/p>\n<p><span style=\"font-weight: 400;\">\u200bCon el objetivo de elevar la calidad de los contenidos audiovisuales y fortalecer el alcance de la televisi\u00f3n p\u00fablica en el pa\u00eds, la Universidad Aut\u00f3noma de Quer\u00e9taro (UAQ) y Canal 22 signaron un convenio de colaboraci\u00f3n que permite el intercambio de producciones, coproducciones y capacitaci\u00f3n especializada.<\/span><\/p>\n<p><span style=\"font-weight: 400;\">\u200bLa ceremonia fue encabezada por la rectora de la M\u00e1xima Casa de Estudios, la Dra. Silvia Amaya Llano, y el director general de la televisora cultural, el Mtro. Alonso Mill\u00e1n Zepeda; quienes coincidieron en la importancia de abrir espacios para propuestas audiovisuales que aporten valor y originalidad a las audiencias.<\/span><\/p>\n<p><span style=\"font-weight: 400;\">\u200bEl acuerdo tiene como eje central el fortalecimiento del Sistema Universitario de Radio, Televisi\u00f3n y Cinematograf\u00eda (SUTRC) de la UAQ.<\/span><\/p>\n<p><span style=\"font-weight: 400;\">\u200bLa Dra. Amaya Llano destac\u00f3 la labor del equipo universitario en su misi\u00f3n de informar con rigor. Adem\u00e1s de que subray\u00f3 que este v\u00ednculo trasciende las aulas y reafirma el compromiso institucional con la sociedad mediante la oferta de contenidos de alta pertinencia en ciencia, cultura e investigaci\u00f3n.<\/span><\/p>\n<p><span style=\"font-weight: 400;\">En este trabajo, el SUTRC orientar\u00e1 sus actividades hacia la difusi\u00f3n del quehacer social y acad\u00e9mico para robustecer la relaci\u00f3n con la ciudadan\u00eda a trav\u00e9s de una programaci\u00f3n plural.<\/span><\/p>\n<p><span style=\"font-weight: 400;\">Adem\u00e1s de que la alianza establece una agenda de trabajo conjunta que contempla el desarrollo de programas especiales, reportajes, c\u00e1psulas y entrevistas. Asimismo, ambas instancias facilitar\u00e1n el acceso mutuo a materiales educativos y cinematogr\u00e1ficos, adem\u00e1s de promover programas para la transferencia de experiencias y la profesionalizaci\u00f3n del personal t\u00e9cnico.<\/span><\/p>\n<p><span style=\"font-weight: 400;\">\u200bUn aspecto fundamental de este tratado es la difusi\u00f3n prioritaria de materiales en lenguas ind\u00edgenas. Gracias al trabajo conjunto con la Coordinaci\u00f3n de Derecho Ind\u00edgena de la UAQ, se busca visibilizar la diversidad ling\u00fc\u00edstica del pa\u00eds y preservar las voces originarias en los medios de comunicaci\u00f3n masivos.<\/span><\/p>\n<p><span style=\"font-weight: 400;\">\u200bAl evento asistieron directivos de ambas instituciones, quienes fungieron como testigos de esta vinculaci\u00f3n que posiciona a la UAQ como un referente en la creaci\u00f3n de contenidos para los medios p\u00fablicos nacionales.<\/span><\/p>\n<\/div>\n<p><script>(function(d, s, id) {\n  var js, fjs = d.getElementsByTagName(s)[0];\n  if (d.getElementById(id)) return;\n  js = d.createElement(s); js.id = id;\n  js.src = \"\/\/connect.facebook.net\/es_LA\/sdk.js#xfbml=1&appId=546007945598485&version=v2.3\";\n  fjs.parentNode.insertBefore(js, fjs);\n}(document, 'script', 'facebook-jssdk'));<\/script><\/p>\n","protected":false},"excerpt":{"rendered":"<p>Por Jahaira Lara Noticias \u00a0 \u200bCon el objetivo de elevar la calidad de los contenidos audiovisuales y fortalecer el alcance de la televisi\u00f3n p\u00fablica en el pa\u00eds, la Universidad Aut\u00f3noma de Quer\u00e9taro (UAQ) y Canal 22 signaron un convenio de colaboraci\u00f3n que permite el intercambio de producciones, coproducciones y capacitaci\u00f3n especializada. \u200bLa ceremonia fue encabezada [&hellip;]<\/p>\n","protected":false},"author":2,"featured_media":55942,"comment_status":"","ping_status":"","sticky":false,"template":"","format":"standard","meta":{"_monsterinsights_skip_tracking":false,"_monsterinsights_sitenote_active":false,"_monsterinsights_sitenote_note":"","_monsterinsights_sitenote_category":0,"footnotes":""},"categories":[4],"tags":[],"class_list":["post-55941","post","type-post","status-publish","format-standard","has-post-thumbnail","hentry","category-queretaro"],"_links":{"self":[{"href":"https:\/\/informebajio.com.mx\/index.php?rest_route=\/wp\/v2\/posts\/55941","targetHints":{"allow":["GET"]}}],"collection":[{"href":"https:\/\/informebajio.com.mx\/index.php?rest_route=\/wp\/v2\/posts"}],"about":[{"href":"https:\/\/informebajio.com.mx\/index.php?rest_route=\/wp\/v2\/types\/post"}],"author":[{"embeddable":true,"href":"https:\/\/informebajio.com.mx\/index.php?rest_route=\/wp\/v2\/users\/2"}],"replies":[{"embeddable":true,"href":"https:\/\/informebajio.com.mx\/index.php?rest_route=%2Fwp%2Fv2%2Fcomments&post=55941"}],"version-history":[{"count":0,"href":"https:\/\/informebajio.com.mx\/index.php?rest_route=\/wp\/v2\/posts\/55941\/revisions"}],"wp:featuredmedia":[{"embeddable":true,"href":"https:\/\/informebajio.com.mx\/index.php?rest_route=\/wp\/v2\/media\/55942"}],"wp:attachment":[{"href":"https:\/\/informebajio.com.mx\/index.php?rest_route=%2Fwp%2Fv2%2Fmedia&parent=55941"}],"wp:term":[{"taxonomy":"category","embeddable":true,"href":"https:\/\/informebajio.com.mx\/index.php?rest_route=%2Fwp%2Fv2%2Fcategories&post=55941"},{"taxonomy":"post_tag","embeddable":true,"href":"https:\/\/informebajio.com.mx\/index.php?rest_route=%2Fwp%2Fv2%2Ftags&post=55941"}],"curies":[{"name":"wp","href":"https:\/\/api.w.org\/{rel}","templated":true}]}}