{"id":55943,"date":"2026-05-01T05:48:56","date_gmt":"2026-05-01T11:48:56","guid":{"rendered":"https:\/\/informebajio.com.mx\/?p=55943"},"modified":"2026-05-01T05:48:56","modified_gmt":"2026-05-01T11:48:56","slug":"avala-congreso-ley-de-identidad-de-genero","status":"publish","type":"post","link":"https:\/\/informebajio.com.mx\/?p=55943","title":{"rendered":"Avala Congreso Ley de identidad de g\u00e9nero\u00a0"},"content":{"rendered":"<div>\n<h2><span style=\"font-weight: 400;\">Ciudadanos podr\u00e1n modificar sus documentos oficiales\u00a0<\/span><\/h2>\n<p><span style=\"font-weight: 400;\">Diego Hern\u00e1ndez\u00a0<\/span><\/p>\n<p><span style=\"font-weight: 400;\">Noticias\u00a0<\/span><\/p>\n<p>\u00a0<\/p>\n<p><span style=\"font-weight: 400;\">Con presencia de la ciudadan\u00eda afuera y dentro del Congreso local, con 14 votos a favor se aprob\u00f3 la Ley de Identidad de G\u00e9nero en la Sexag\u00e9sima Primera Legislatura, con lo que los ciudadanos que as\u00ed lo quieran podr\u00e1n modificar sus documentos oficiales y elegir el g\u00e9nero de su elecci\u00f3n.<\/span><\/p>\n<p><span style=\"font-weight: 400;\">Pasadas las 8 de la ma\u00f1ana ya hab\u00eda presencia de ciudadanos afuera del edificio, tanto personas a favor de los derechos de la poblaci\u00f3n trans, c\u00f3mo en contra, uno de cada lado, sin mezclarse. El Congreso estaba cerrado, lo que suele suceder cuando se prev\u00e9n movilizaciones sociales.<\/span><\/p>\n<p><span style=\"font-weight: 400;\">Ya los ciudadanos que est\u00e1n en contra del proyecto empiezan a poner en sus bocinas alabanzas religiosas, mientras que dos mujeres se arrodillan y empiezan a rezar un Dios te Salve, con rosario en mano ambas.<\/span><\/p>\n<p><span style=\"font-weight: 400;\">Hanne habl\u00f3 por parte de los colectivos a favor de la Identidad de G\u00e9nero, manifest\u00f3 la importancia de dar pie al derecho a la identidad a todas las personas y as\u00ed garantizar otros derechos como a la salud y al trabajo, es por ello que creen importante el que ya se aprueba la iniciativa.<\/span><\/p>\n<p><span style=\"font-weight: 400;\">El proyecto se ha ingresado en cuatro ocasiones en distintas Legislaturas, pero nunca se logr\u00f3 su avance, en esta ocasi\u00f3n donde hay mayor pluralidad de fuerzas pol\u00edticas por fin se pudo ver una aprobaci\u00f3n.<\/span><\/p>\n<p><span style=\"font-weight: 400;\">Por otro lado, habl\u00f3 Victor Escobar, coordinador de la Barra de Abogados Cristianos, qui\u00e9n advirti\u00f3 que es una ley peligrosa, asegur\u00f3 que fuera de dogmas y cuestiones religiosas refiri\u00f3 que la mujer ser\u00e1 borrada jur\u00eddicamente y tambi\u00e9n dar\u00e1 pie a las infancias trans.<\/span><\/p>\n<p><span style=\"font-weight: 400;\">Cada qui\u00e9n por su lado estaba expectantes de la sesi\u00f3n de Pleno, asimismo dejaron ingresar a varios invitados de ambas posiciones ideol\u00f3gicas, los ubicaron en el Sal\u00f3n de Galer\u00edas y as\u00ed observar el trabajo de los legisladores.<\/span><\/p>\n<p><span style=\"font-weight: 400;\">Se discutieron varios puntos antes de dicha propuesta en las que hubo puntos en com\u00fan entre los 25 diputados, c\u00f3mo lo es la prohibici\u00f3n de la cohabitaci\u00f3n forzada, la iniciativa contra feminicidio de Presidencia de la Rep\u00fablica y extender lo correspondiente al delito de abuso sexual en materia de consentimiento.<\/span><\/p>\n<p><span style=\"font-weight: 400;\">Sin embargo, no se pudo postergar m\u00e1s la discusi\u00f3n del tema, la primera en tomar la palabra fue Leonor Mej\u00eda Barraza, diputada por Acci\u00f3n Nacional, qui\u00e9n manifest\u00f3 que uno de los peligros del proyecto es la vulneraci\u00f3n a las infancias.<\/span><\/p>\n<p><span style=\"font-weight: 400;\">Cuesti\u00f3n en la cual no coincidi\u00f3 Andrea Tovar Saavedra de Morena, qui\u00e9n recalc\u00f3 que solamente podr\u00e1n cambiar su g\u00e9nero en documentos oficiales los mayores de 18 a\u00f1os y no hay un riesgo a las infancias.<\/span><\/p>\n<p><span style=\"font-weight: 400;\">Por su parte Juliana Hern\u00e1ndez Quintanar, de Acci\u00f3n Nacional, asever\u00f3 que el proyecto est\u00e1 mal escrito y hay varias carencias que dar\u00e1n pie a incertidumbre en varios aspectos por lo que inform\u00f3 que votar\u00e1 en contra.<\/span><\/p>\n<p><span style=\"font-weight: 400;\">Arturo Maximiliano Garc\u00eda, diputado por Morena, reiter\u00f3 que est\u00e1 bien construida la propuesta y fija los avales que contempla la Suprema Corte de Justicia de la Naci\u00f3n por lo que neg\u00f3 que se impugnable la propuesta.<\/span><\/p>\n<p><span style=\"font-weight: 400;\">Cabe recalcar que despu\u00e9s de cada intervenci\u00f3n, los asistentes aplaud\u00edan a los legisladores por las explicaciones que daban, en esperanza que una de las dos ideas se sobrepusiera sobre otra.<\/span><\/p>\n<p><span style=\"font-weight: 400;\">Uno de los posicionamientos m\u00e1s en\u00e9rgicos fue de Antonio Zapata Guerrero, que dej\u00f3 claro: \u00a1Con los ni\u00f1os! Y consider\u00f3 que la propuesta iba a dar pie a una vulneraci\u00f3n a los menores.<\/span><\/p>\n<p><span style=\"font-weight: 400;\">Mientras que gener\u00f3 consternaci\u00f3n lo expuesto por Teresita Calzada, coordinadora de Movimiento Ciudadano, ya que dej\u00f3 que ver el partido que representa las causas de los ciudadanos y mostr\u00f3 ser de una agrupaci\u00f3n de avanzada, pero vot\u00f3 en contra de la propuesta.<\/span><\/p>\n<p><span style=\"font-weight: 400;\">Al iniciar la votaci\u00f3n tambi\u00e9n sorprendi\u00f3 que Perla Flores, del Partido Verde Ecologista de M\u00e9xico, vot\u00f3 en contra, pese a que en las elecciones fue de los candidatos que suscribi\u00f3 una agenda ciudadana en donde ven\u00eda la propuesta.<\/span><\/p>\n<p><span style=\"font-weight: 400;\">Tambi\u00e9n vot\u00f3 en contra Guillermo Vega Guerrero, presidente de la Comisi\u00f3n de Administraci\u00f3n y Procuraci\u00f3n de Justicia, hab\u00eda se\u00f1alado que apoyar\u00eda en la votaci\u00f3n, pero finalmente decidi\u00f3 oponerse a este.<\/span><\/p>\n<p><span style=\"font-weight: 400;\">Y as\u00ed fue que se lograron 14 votos, aunque la bancada del Partido Acci\u00f3n Nacional buscar\u00e1 que la propuesta no sea aplicable en Quer\u00e9taro y buscar\u00e1 dejar sin efectos la votaci\u00f3n.<\/span><\/p>\n<\/div>\n<p><script>(function(d, s, id) {\n  var js, fjs = d.getElementsByTagName(s)[0];\n  if (d.getElementById(id)) return;\n  js = d.createElement(s); js.id = id;\n  js.src = \"\/\/connect.facebook.net\/es_LA\/sdk.js#xfbml=1&appId=546007945598485&version=v2.3\";\n  fjs.parentNode.insertBefore(js, fjs);\n}(document, 'script', 'facebook-jssdk'));<\/script><\/p>\n","protected":false},"excerpt":{"rendered":"<p>Ciudadanos podr\u00e1n modificar sus documentos oficiales\u00a0 Diego Hern\u00e1ndez\u00a0 Noticias\u00a0 \u00a0 Con presencia de la ciudadan\u00eda afuera y dentro del Congreso local, con 14 votos a favor se aprob\u00f3 la Ley de Identidad de G\u00e9nero en la Sexag\u00e9sima Primera Legislatura, con lo que los ciudadanos que as\u00ed lo quieran podr\u00e1n modificar sus documentos oficiales y elegir [&hellip;]<\/p>\n","protected":false},"author":2,"featured_media":55944,"comment_status":"","ping_status":"","sticky":false,"template":"","format":"standard","meta":{"_monsterinsights_skip_tracking":false,"_monsterinsights_sitenote_active":false,"_monsterinsights_sitenote_note":"","_monsterinsights_sitenote_category":0,"footnotes":""},"categories":[4],"tags":[],"class_list":["post-55943","post","type-post","status-publish","format-standard","has-post-thumbnail","hentry","category-queretaro"],"_links":{"self":[{"href":"https:\/\/informebajio.com.mx\/index.php?rest_route=\/wp\/v2\/posts\/55943","targetHints":{"allow":["GET"]}}],"collection":[{"href":"https:\/\/informebajio.com.mx\/index.php?rest_route=\/wp\/v2\/posts"}],"about":[{"href":"https:\/\/informebajio.com.mx\/index.php?rest_route=\/wp\/v2\/types\/post"}],"author":[{"embeddable":true,"href":"https:\/\/informebajio.com.mx\/index.php?rest_route=\/wp\/v2\/users\/2"}],"replies":[{"embeddable":true,"href":"https:\/\/informebajio.com.mx\/index.php?rest_route=%2Fwp%2Fv2%2Fcomments&post=55943"}],"version-history":[{"count":0,"href":"https:\/\/informebajio.com.mx\/index.php?rest_route=\/wp\/v2\/posts\/55943\/revisions"}],"wp:featuredmedia":[{"embeddable":true,"href":"https:\/\/informebajio.com.mx\/index.php?rest_route=\/wp\/v2\/media\/55944"}],"wp:attachment":[{"href":"https:\/\/informebajio.com.mx\/index.php?rest_route=%2Fwp%2Fv2%2Fmedia&parent=55943"}],"wp:term":[{"taxonomy":"category","embeddable":true,"href":"https:\/\/informebajio.com.mx\/index.php?rest_route=%2Fwp%2Fv2%2Fcategories&post=55943"},{"taxonomy":"post_tag","embeddable":true,"href":"https:\/\/informebajio.com.mx\/index.php?rest_route=%2Fwp%2Fv2%2Ftags&post=55943"}],"curies":[{"name":"wp","href":"https:\/\/api.w.org\/{rel}","templated":true}]}}