{"id":55953,"date":"2026-05-01T15:49:45","date_gmt":"2026-05-01T21:49:45","guid":{"rendered":"https:\/\/informebajio.com.mx\/?p=55953"},"modified":"2026-05-01T15:49:45","modified_gmt":"2026-05-01T21:49:45","slug":"analiza-uaq-implementar-operativo-mochila-en-bachilleres-tras-mensajes-detectados","status":"publish","type":"post","link":"https:\/\/informebajio.com.mx\/?p=55953","title":{"rendered":"Analiza UAQ implementar Operativo Mochila en Bachilleres tras mensajes detectados"},"content":{"rendered":"<div>\n<p><span style=\"font-weight: 400;\">Por Jahaira Lara<\/span><\/p>\n<p><span style=\"font-weight: 400;\">Noticias<\/span><\/p>\n<p>\u00a0<\/p>\n<p><span style=\"font-weight: 400;\">La Universidad Aut\u00f3noma de Quer\u00e9taro (UAQ) analiza la implementaci\u00f3n del Operativo Mochila en planteles de la Escuela de Bachilleres, luego de que en el Plantel Norte se difundieron mensajes sobre un presunto ataque.<\/span><\/p>\n<p><span style=\"font-weight: 400;\">La rectora de la instituci\u00f3n, Silvia Amaya Llano, inform\u00f3 que se convocar\u00e1 a una reuni\u00f3n con padres de familia la pr\u00f3xima semana para definir las acciones a seguir, ya que cualquier medida de esta naturaleza debe contar con el consenso y respaldo de los tutores.<\/span><\/p>\n<p><span style=\"font-weight: 400;\">\u200bEn este sentido, explic\u00f3 que el director de la Escuela de Bachilleres coordinar\u00e1 este encuentro donde participar\u00e1n diversas entidades para establecer un frente com\u00fan.<\/span><\/p>\n<p><span style=\"font-weight: 400;\">\u201cSi yo tuviera un hijo menor de edad y hay ese riesgo, pues que le revisen la mochila, yo no tendr\u00eda problema. Yo creo que es por seguridad de nuestros hijos y de todos\u201d, afirm\u00f3.<\/span><\/p>\n<p><span style=\"font-weight: 400;\">Amaya Llano destac\u00f3 que los padres de familia son fundamentales en este proceso, ya que la universidad no puede decidir de manera unilateral la revisi\u00f3n de mochilas de menores de edad sin el consentimiento de sus responsables legales. Por lo que, la determinaci\u00f3n final sobre el operativo mochila depender\u00e1 estrictamente de los acuerdos alcanzados.<\/span><\/p>\n<p><span style=\"font-weight: 400;\">Adem\u00e1s,\u00a0 comparti\u00f3 que en la reuni\u00f3n se abordar\u00e1n las propuestas institucionales y se recabar\u00e1n las inquietudes de las familias para formalizar los acuerdos mediante una minuta firmada.<\/span><\/p>\n<p><span style=\"font-weight: 400;\">Respecto al avance de las investigaciones por el caso de la Prepa Norte, la rectora precis\u00f3 que hasta el momento no se han detectado situaciones similares en otros planteles y se mantiene una vigilancia estrecha sobre cualquier reporte que surja para brindar atenci\u00f3n inmediata.<\/span><\/p>\n<p><span style=\"font-weight: 400;\">Y es que reiter\u00f3 que este tipo de problem\u00e1ticas se han diseminado como una tendencia negativa que resta al entorno escolar, por lo que la soluci\u00f3n requiere la colaboraci\u00f3n de todos los actores universitarios y gubernamentales, incluidos Protecci\u00f3n Civil y las \u00e1reas de seguridad.<\/span><\/p>\n<p><span style=\"font-weight: 400;\">\u200bFinalmente, la autoridad universitaria reiter\u00f3 que la estrategia integral contempla el fortalecimiento de la prevenci\u00f3n y la educaci\u00f3n en valores para evitar conductas de riesgo; mientras las acciones de sensibilizaci\u00f3n continuar\u00e1n de forma paralela a los posibles operativos de seguridad, con el objetivo de mantener un ambiente saludable para la comunidad estudiantil.<\/span><\/p>\n<\/div>\n<p><script>(function(d, s, id) {\n  var js, fjs = d.getElementsByTagName(s)[0];\n  if (d.getElementById(id)) return;\n  js = d.createElement(s); js.id = id;\n  js.src = \"\/\/connect.facebook.net\/es_LA\/sdk.js#xfbml=1&appId=546007945598485&version=v2.3\";\n  fjs.parentNode.insertBefore(js, fjs);\n}(document, 'script', 'facebook-jssdk'));<\/script><\/p>\n","protected":false},"excerpt":{"rendered":"<p>Por Jahaira Lara Noticias \u00a0 La Universidad Aut\u00f3noma de Quer\u00e9taro (UAQ) analiza la implementaci\u00f3n del Operativo Mochila en planteles de la Escuela de Bachilleres, luego de que en el Plantel Norte se difundieron mensajes sobre un presunto ataque. La rectora de la instituci\u00f3n, Silvia Amaya Llano, inform\u00f3 que se convocar\u00e1 a una reuni\u00f3n con padres [&hellip;]<\/p>\n","protected":false},"author":2,"featured_media":55954,"comment_status":"","ping_status":"","sticky":false,"template":"","format":"standard","meta":{"_monsterinsights_skip_tracking":false,"_monsterinsights_sitenote_active":false,"_monsterinsights_sitenote_note":"","_monsterinsights_sitenote_category":0,"footnotes":""},"categories":[4],"tags":[],"class_list":["post-55953","post","type-post","status-publish","format-standard","has-post-thumbnail","hentry","category-queretaro"],"_links":{"self":[{"href":"https:\/\/informebajio.com.mx\/index.php?rest_route=\/wp\/v2\/posts\/55953","targetHints":{"allow":["GET"]}}],"collection":[{"href":"https:\/\/informebajio.com.mx\/index.php?rest_route=\/wp\/v2\/posts"}],"about":[{"href":"https:\/\/informebajio.com.mx\/index.php?rest_route=\/wp\/v2\/types\/post"}],"author":[{"embeddable":true,"href":"https:\/\/informebajio.com.mx\/index.php?rest_route=\/wp\/v2\/users\/2"}],"replies":[{"embeddable":true,"href":"https:\/\/informebajio.com.mx\/index.php?rest_route=%2Fwp%2Fv2%2Fcomments&post=55953"}],"version-history":[{"count":0,"href":"https:\/\/informebajio.com.mx\/index.php?rest_route=\/wp\/v2\/posts\/55953\/revisions"}],"wp:featuredmedia":[{"embeddable":true,"href":"https:\/\/informebajio.com.mx\/index.php?rest_route=\/wp\/v2\/media\/55954"}],"wp:attachment":[{"href":"https:\/\/informebajio.com.mx\/index.php?rest_route=%2Fwp%2Fv2%2Fmedia&parent=55953"}],"wp:term":[{"taxonomy":"category","embeddable":true,"href":"https:\/\/informebajio.com.mx\/index.php?rest_route=%2Fwp%2Fv2%2Fcategories&post=55953"},{"taxonomy":"post_tag","embeddable":true,"href":"https:\/\/informebajio.com.mx\/index.php?rest_route=%2Fwp%2Fv2%2Ftags&post=55953"}],"curies":[{"name":"wp","href":"https:\/\/api.w.org\/{rel}","templated":true}]}}