{"id":58261,"date":"2026-08-30T19:29:34","date_gmt":"2026-08-31T01:29:34","guid":{"rendered":"https:\/\/informebajio.com.mx\/?p=58261"},"modified":"2026-08-30T19:29:34","modified_gmt":"2026-08-31T01:29:34","slug":"el-valencia-empieza-a-despedir-a-mestalla-con-un-empate-tedioso-ante-el-celta","status":"publish","type":"post","link":"https:\/\/informebajio.com.mx\/?p=58261","title":{"rendered":"El Valencia empieza a despedir a Mestalla con un empate tedioso ante el Celta"},"content":{"rendered":"<div data-section=\"articleBody\">\n<p class=\"ue-c-article__paragraph\">El f\u00fatbol de agosto no es real. Se perciben sensaciones, no demasiadas, el mercado sigue abierto y s\u00f3lo salva la esperanza de que llegue la guinda que todo lo cambie. Cada equipo tiene la suya. La desean el <strong>Valencia <\/strong>y el <strong>Celta<\/strong>, que no pasaron del empate sin goles en un duelo de fogueo. Lo \u00fanico real e imperturbable fue Mestalla que, de nuevo, acaba enfadado. [<a href=\"https:\/\/www.elmundo.es\/deportes\/futbol\/laliga-ea-sports\/valencia-celta\/2026\/08\/22\/01_0101_20260822_191_176-directo.html\" target=\"_blank\">Narraci\u00f3n y estad\u00edsticas: 0-0<\/a>]<\/p>\n<p class=\"ue-c-article__paragraph\">Estas gradas son el sost\u00e9n f\u00edsico y emocional del Valencia. Su cemento, su verticalidad y el pueblo que lo llena de vida son las razones por las que el club sigue latiendo tras sumar demasiadas temporadas en el alambre. Su lleno t\u00e9cnico, la exigencia de la parroquia, no lo neguemos, persisten a pesar de las penurias. Porque por aqu\u00ed pasaron Puchades, Claramunt, Kempes, Fernando, Mijatovic, Mendieta, Albelda, Baraja, Aimar, Villa, Silva, Ca\u00f1izares o Ferran Torres. Este estadio centenario, el m\u00e1s vetusto de LaLiga, en el que hasta que se supera el quinto pelda\u00f1o del t\u00fanel de vestuarios s\u00f3lo se ve el muro de aficionados de la grada de la Mar, quiere m\u00e1s. Ya no luce aquellos tifos de <strong>Champions <\/strong>que intimidaban, pero no pierde la fe. Esa magia que empuja al f\u00fatbol vive sus \u00faltimos 16 actos. Mestalla desaparecer\u00e1 y el Valencia tendr\u00e1 que sobrevivir fuera de esa atm\u00f3sfera, capaz de hacer volar, pero tambi\u00e9n de asfixiar.<\/p>\n<p class=\"ue-c-article__paragraph\">El club, dirigido por la familia<strong> Lim<\/strong>, empeque\u00f1ecido, no s\u00f3lo hizo creer que esta temporada, la \u00faltima del templo, se vivir\u00eda un cambio, un crecimiento para estrenar el nuevo Mestalla en Europa, pero el f\u00fatbol es tan tozudo que hace a\u00f1icos todos los trucos de magia. De las palabras a los hechos. El Valencia sigue por hacer. Hasta Carlos <strong>Corber\u00e1n<\/strong>, con su renovaci\u00f3n reci\u00e9n firmada, lo reconoce. Hay pocas herramientas para lograrlo y el valencianismo sobrevive sin ilusi\u00f3n.<\/p>\n<p class=\"ue-c-article__paragraph\">El primer partido ante el <strong>Celta <\/strong>desnud\u00f3 la realidad que espera. <strong>El f\u00fatbol de media tabla<\/strong>. Es cierto que ninguno de los equipos mostr\u00f3 una cara diferente a la de un amistoso de verano, con calor, humedad y un f\u00fatbol plano, sin profundidad. Si el Celta espera a piezas para completar su puzzle -algunas por rodaje, como Borja Iglesias-, el Valencia tiene un agujero en el lateral derecho, donde apareci\u00f3 reconvertido el zurdo Jes\u00fas V\u00e1zquez, necesita un central -ah\u00ed vive Pepelu para dar salida de bal\u00f3n- y amenazas por las bandas. Tan solo <strong>Javi Guerra<\/strong> y el japon\u00e9s de 19 a\u00f1os <strong>Sato <\/strong>son capaces de mostrar chispa. <\/p>\n<p class=\"ue-c-article__paragraph\">El Valencia fue el primero en querer estirarse, con el t\u00e9cnico valencianista empe\u00f1ado en un dibujo con tres centrales que le da seguridad pero que deja a <strong>Danjuma <\/strong>-que reclama ser delantero centro si no se marcha al PSV- muy lejos del \u00e1rea. Tampoco es que el neerland\u00e9s hiciera m\u00e9ritos en la primera parte para ganarse el puesto, porque desperdici\u00f3 la m\u00e1s clara en el minuto 8. Se la regal\u00f3 Sato, a quien busc\u00f3 Pepelu a la espalda de los centrales. De la pitada le salv\u00f3 que el asistente alz\u00f3 la bandera.<\/p>\n<p class=\"ue-c-article__paragraph\">Los minutos ca\u00edan como las gotas de sudor en una grada que no ve\u00eda a su equipo amenazar. Tampoco el Celta, que fue sinti\u00e9ndose m\u00e1s c\u00f3modo conforme avanzaba el partido, con pelota aunque sin ocasiones. El primer disparo de los gallegos lleg\u00f3 en el minuto 22, de Febas flojo a las manos de Dimitrievski. Vendido qued\u00f3 el macedonio cuando, en velocidad, <strong>El Abdellaoui <\/strong>desnud\u00f3 a De Haas y su disparo lo despej\u00f3 en el \u00e1rea peque\u00f1a T\u00e1rrega cuando rodaba a la porter\u00eda.<\/p>\n<p class=\"ue-c-article__paragraph\">Los valencianistas despertaron a trompicones, con <strong>Gay\u00e0 <\/strong>de carrilero pisando \u00e1rea y V\u00e1zquez tratando de estirarse en un ejercicio de compromiso incuestionable. Rondando el \u00e1rea mor\u00eda todo el peligro. Al filo del descanso, el Celta busc\u00f3 estirarse y tuvo que volar Dimitrievski para salvar el tiro desde la frontal de <strong>Javi Rodr\u00edguez<\/strong>. Sin embargo, el Valencia pudo irse al descanso con ventaja si alguien hubiera aprovechado dos chispazos de Guerra, que asisti\u00f3 a <strong>Ugrinic <\/strong>y a <strong>Danjuma<\/strong>, con un taconazo que no sirvi\u00f3 de nada.<\/p>\n<p class=\"ue-c-article__paragraph\">No cambi\u00f3 demasiado el guion en la segunda mitad a pesar de que los entrenadores echaron mano del banquillo buscando respuestas. Gir\u00e1ldez, en Aspas, Rueda, Williot y Dur\u00e1n; Corber\u00e1n en Diakhaby, por la amarilla de De Haas, Sadiq, el reci\u00e9n llegado <strong>Maffeo <\/strong>y, por fin, Hugo Duro en el 80. No funcion\u00f3 para desesperaci\u00f3n de una grada que, t\u00edmidamente, cant\u00f3 &#8216;Corber\u00e1n, dimisi\u00f3n&#8217;.<\/p>\n<p class=\"ue-c-article__paragraph\">Antes, <strong>Danjuma se plant\u00f3 ante Radu y volvi\u00f3 a mandarla a la grada<\/strong> y tanta vida ten\u00eda el Celta que<strong> Marcos Alonso <\/strong>ajust\u00f3 un chut al palo izquierdo de la porter\u00eda valencianista que hel\u00f3 a la grada. Si a los gallegos les val\u00eda un punto, a la afici\u00f3n local, no. Comprensible que preguntaran al palco por d\u00f3nde est\u00e1n los fichajes que dignifiquen la \u00faltima temporada de Mestalla.<\/p>\n<hr class=\"mid-script\" data-ue-cxid=\"cx_83a9b88a949e8d5637b6e6fe389963468546b555\" data-ue-is-premium=\"false\" data-ue-is-basic=\"true\" data-ue-is-mobile=\"false\" style=\"display:none\"\/><\/div>\n<p><script type=\"text\/javascript\">\n    var utag_data = {};\n    window.addEventListener('ue-dfp-loaded', (s) => {\n        let urls = [\n            {\n                url: 'https:\/\/tags.tiqcdn.com\/utag\/unidadeditorial\/elmundo\/prod\/utag.sync.js'\n            },\n            {\n                url: 'https:\/\/tags.tiqcdn.com\/utag\/unidadeditorial\/elmundo\/prod\/utag.js'\n            },\n            {\n                url: '\/\/e00-elmundo.uecdn.es\/js\/uecomscore_cmp_event.js'\n            },\n            {\n                url: 'https:\/\/cdn.permutive.com\/10453011-272d-49cd-9043-1964fdb36fd8-web.js'\n            },\n            {\n                url: '\/\/e00-ue.uecdn.es\/piano\/ue-piano-b2c15b314e493e68bda2.min.js'\n            },\n            {\n                url: 'https:\/\/e00-ue.uecdn.es\/zeotap\/ue-zeotap.min.js'\n            }\n        ]<\/p>\n<p>        urls.forEach((item) => {\n            let a, b, c, d, e;\n            a = item.url;\n            b = document;\n            c = 'script';\n            d = b.createElement(c);\n            d.src = a;\n            d.type = 'text\/java' + c;\n            d.async = !0;\n            d.onload = item.callback ? item.callback : null;\n            e = b.getElementsByTagName(c)[0];\n            e.parentNode.insertBefore(d, e);\n        });<\/p>\n<p>        window.taboolaIsRun = false;<\/p>\n<p>        function taboola_loader() {\n            if (window.taboolaIsRun) {\n                return;\n            }\n            window.taboolaIsRun = true;\n            window._taboola = window._taboola || [];\n            const mainElement = document.querySelector(\"main\");\n            if(mainElement.dataset.ueContentType === \"noticia-especial\") {\n                _taboola.push({ other: 'auto', tracking: 'intcmp=BOOREC&taboola_source=taboola&taboola_medium=internal-referral' });\n            } else {\n                _taboola.push({ article: 'auto', tracking: 'intcmp=BOOREC&taboola_source=taboola&taboola_medium=internal-referral' });\n            }\n            !function (e, f, u, i) {\n                if (!document.getElementById(i)) {\n                    e.async = 1;\n                    e.src = u;\n                    e.id = i;\n                    f.parentNode.insertBefore(e, f);\n                }\n            }(document.createElement('script'), document.getElementsByTagName('script')[0], '\/\/cdn.taboola.com\/libtrc\/unidadeditorial-elmundo\/loader.js', 'tb_loader_script');\n            if (window.performance && typeof window.performance.mark == 'function') { window.performance.mark('tbl_ic'); }\n        }<\/p>\n<p>        window.loadTaboola = () => {\n            window.didomiOnReady = window.didomiOnReady || [];\n            window.didomiOnReady.push(function (Didomi) {\n                if (Didomi.getUserStatusForVendor(42)) {\n                taboola_loader();\n                } else {\n                window.addEventListener(\"ueConsentChanged\", () => {\n                    if (Didomi.getUserStatusForVendor(42)) {\n                    taboola_loader();\n                    }\n                });\n                }\n            });\n        }<\/p>\n<p>        var cookieList = document.cookie.split(';');\n        cookieList.forEach(function (item) {\n            if (typeof item == \"string\" && item.indexOf(\"REGMUNDO\") != -1) {\n                var ifr_seed = document.createElement(\"iframe\");\n                ifr_seed.src = \"https:\/\/5214106.fls.doubleclick.net\/activityi;src=5214106;type=corp;cat=regis00;dc_lat=;dc_rdid=;tag_for_child_directed_treatment=;ord=\" + Math.random() * 1000000000000 + \"?\";\n                ifr_seed.width = \"1\";\n                ifr_seed.height = \"1\";\n                ifr_seed.style.display = \"none\";\n                ifr_seed.setAttribute(\"frameborder\", \"0\");\n                var node = document.body.getElementsByTagName(\"script\")[0];\n                node.parentNode.insertBefore(ifr_seed, node);\n            }\n        });<\/p>\n<p>        (function (d, s, id) {\n            var js, fjs = d.getElementsByTagName(s)[0];\n            if (d.getElementById(id)) return;\n            js = d.createElement(s);\n            js.id = id;\n            js.src = \"\/\/connect.facebook.net\/es_ES\/sdk.js#xfbml=1&version=v2.8&appId=279395918757488&status=true&cookie=true\";\n            fjs.parentNode.insertBefore(js, fjs);\n        }(document, 'script', 'facebook-jssdk'));\n    });\n<\/script><\/p>\n","protected":false},"excerpt":{"rendered":"<p>El f\u00fatbol de agosto no es real. Se perciben sensaciones, no demasiadas, el mercado sigue abierto y s\u00f3lo salva la esperanza de que llegue la guinda que todo lo cambie. Cada equipo tiene la suya. La desean el Valencia y el Celta, que no pasaron del empate sin goles en un duelo de fogueo. Lo [&hellip;]<\/p>\n","protected":false},"author":2,"featured_media":58262,"comment_status":"","ping_status":"","sticky":false,"template":"","format":"standard","meta":{"_monsterinsights_skip_tracking":false,"_monsterinsights_sitenote_active":false,"_monsterinsights_sitenote_note":"","_monsterinsights_sitenote_category":0,"footnotes":""},"categories":[9],"tags":[],"class_list":["post-58261","post","type-post","status-publish","format-standard","has-post-thumbnail","hentry","category-deportes"],"_links":{"self":[{"href":"https:\/\/informebajio.com.mx\/index.php?rest_route=\/wp\/v2\/posts\/58261","targetHints":{"allow":["GET"]}}],"collection":[{"href":"https:\/\/informebajio.com.mx\/index.php?rest_route=\/wp\/v2\/posts"}],"about":[{"href":"https:\/\/informebajio.com.mx\/index.php?rest_route=\/wp\/v2\/types\/post"}],"author":[{"embeddable":true,"href":"https:\/\/informebajio.com.mx\/index.php?rest_route=\/wp\/v2\/users\/2"}],"replies":[{"embeddable":true,"href":"https:\/\/informebajio.com.mx\/index.php?rest_route=%2Fwp%2Fv2%2Fcomments&post=58261"}],"version-history":[{"count":0,"href":"https:\/\/informebajio.com.mx\/index.php?rest_route=\/wp\/v2\/posts\/58261\/revisions"}],"wp:featuredmedia":[{"embeddable":true,"href":"https:\/\/informebajio.com.mx\/index.php?rest_route=\/wp\/v2\/media\/58262"}],"wp:attachment":[{"href":"https:\/\/informebajio.com.mx\/index.php?rest_route=%2Fwp%2Fv2%2Fmedia&parent=58261"}],"wp:term":[{"taxonomy":"category","embeddable":true,"href":"https:\/\/informebajio.com.mx\/index.php?rest_route=%2Fwp%2Fv2%2Fcategories&post=58261"},{"taxonomy":"post_tag","embeddable":true,"href":"https:\/\/informebajio.com.mx\/index.php?rest_route=%2Fwp%2Fv2%2Ftags&post=58261"}],"curies":[{"name":"wp","href":"https:\/\/api.w.org\/{rel}","templated":true}]}}