{"id":58271,"date":"2026-08-31T08:25:50","date_gmt":"2026-08-31T14:25:50","guid":{"rendered":"https:\/\/informebajio.com.mx\/?p=58271"},"modified":"2026-08-31T08:25:50","modified_gmt":"2026-08-31T14:25:50","slug":"niegan-ampliacion-de-horario-para-antros-y-establecimientos-nocturnos-por-fiestas-patrias","status":"publish","type":"post","link":"https:\/\/informebajio.com.mx\/?p=58271","title":{"rendered":"Niegan ampliaci\u00f3n de horario para antros, y establecimientos nocturnos por Fiestas Patrias"},"content":{"rendered":"<div>\n<p><span style=\"font-weight: 400;\">Patricia L\u00f3pez N\u00fa\u00f1ez\u00a0<\/span><\/p>\n<p><span style=\"font-weight: 400;\">Noticias<\/span><\/p>\n<p>\u00a0<\/p>\n<p><span style=\"font-weight: 400;\">La Secretar\u00eda de Gobierno del estado no contempla permitir las ampliaciones de horario durante las Fiestas Patrias 2026, por lo que los antros, bares y establecimientos nocturnos tendr\u00e1n que cerrar a m\u00e1s tardar a las 3:00 horas, aclar\u00f3 el director de Gobierno de la dependencia estatal, Ricardo de la Vega.<\/span><\/p>\n<p><span style=\"font-weight: 400;\">El funcionario estatal puntualiz\u00f3 que en este momento no se tiene una disposici\u00f3n que permita modificar los horarios que se tienen permitidos para los negocios con giros nocturnos, as\u00ed que se deber\u00e1n apegar a los cierres establecidos en la ley durante el mes patrio.<\/span><\/p>\n<p><span style=\"font-weight: 400;\">Record\u00f3 que los horarios de funcionamiento dependen de los tipos de licencia que tiene cada establecimiento en la entidad, aunque de forma generalizada la operaci\u00f3n de cada uno de ellos debe detenerse a las 3:00 horas.\u00a0<\/span><\/p>\n<p><span style=\"font-weight: 400;\">Para evitar situaciones irregulares, se implementar\u00e1n operativos de revisi\u00f3n y supervisi\u00f3n, incluso los d\u00edas 15 y 16 que son los que presentan mayor actividad durante el periodo de los festejos patrios, con el \u00fanico fin de que se cumpla con la legalidad.\u00a0<\/span><\/p>\n<p><span style=\"font-weight: 400;\">\u201cNo hay una disposici\u00f3n oficial para ellos, seguir\u00e1n funcionando bajo su horario. Todo depende de la licencia de funcionamiento, ah\u00ed es donde se establece el horario, pero el horario m\u00e1ximo es hasta las 3 de la ma\u00f1ana\u201d, reiter\u00f3.<\/span><\/p>\n<p><span style=\"font-weight: 400;\">En caso de incumplir con esos horarios se aplicar\u00e1n las sanciones correspondientes, que pueden consistir en multas, hasta suspender las actividades o aplicar clausuras definitivas.<\/span><\/p>\n<p><span style=\"font-weight: 400;\">\u201cEste a\u00f1o el 15 de septiembre va a ser martes, pero desde el jueves estaremos en operativo hasta la conclusi\u00f3n de las fiestas patrias\u201d, adelant\u00f3 el director de Gobierno de la secretar\u00eda estatal. <\/span><\/p>\n<\/div>\n<p><script>(function(d, s, id) {\n  var js, fjs = d.getElementsByTagName(s)[0];\n  if (d.getElementById(id)) return;\n  js = d.createElement(s); js.id = id;\n  js.src = \"\/\/connect.facebook.net\/es_LA\/sdk.js#xfbml=1&appId=546007945598485&version=v2.3\";\n  fjs.parentNode.insertBefore(js, fjs);\n}(document, 'script', 'facebook-jssdk'));<\/script><\/p>\n","protected":false},"excerpt":{"rendered":"<p>Patricia L\u00f3pez N\u00fa\u00f1ez\u00a0 Noticias \u00a0 La Secretar\u00eda de Gobierno del estado no contempla permitir las ampliaciones de horario durante las Fiestas Patrias 2026, por lo que los antros, bares y establecimientos nocturnos tendr\u00e1n que cerrar a m\u00e1s tardar a las 3:00 horas, aclar\u00f3 el director de Gobierno de la dependencia estatal, Ricardo de la Vega. [&hellip;]<\/p>\n","protected":false},"author":2,"featured_media":58272,"comment_status":"","ping_status":"","sticky":false,"template":"","format":"standard","meta":{"_monsterinsights_skip_tracking":false,"_monsterinsights_sitenote_active":false,"_monsterinsights_sitenote_note":"","_monsterinsights_sitenote_category":0,"footnotes":""},"categories":[4],"tags":[],"class_list":["post-58271","post","type-post","status-publish","format-standard","has-post-thumbnail","hentry","category-queretaro"],"_links":{"self":[{"href":"https:\/\/informebajio.com.mx\/index.php?rest_route=\/wp\/v2\/posts\/58271","targetHints":{"allow":["GET"]}}],"collection":[{"href":"https:\/\/informebajio.com.mx\/index.php?rest_route=\/wp\/v2\/posts"}],"about":[{"href":"https:\/\/informebajio.com.mx\/index.php?rest_route=\/wp\/v2\/types\/post"}],"author":[{"embeddable":true,"href":"https:\/\/informebajio.com.mx\/index.php?rest_route=\/wp\/v2\/users\/2"}],"replies":[{"embeddable":true,"href":"https:\/\/informebajio.com.mx\/index.php?rest_route=%2Fwp%2Fv2%2Fcomments&post=58271"}],"version-history":[{"count":0,"href":"https:\/\/informebajio.com.mx\/index.php?rest_route=\/wp\/v2\/posts\/58271\/revisions"}],"wp:featuredmedia":[{"embeddable":true,"href":"https:\/\/informebajio.com.mx\/index.php?rest_route=\/wp\/v2\/media\/58272"}],"wp:attachment":[{"href":"https:\/\/informebajio.com.mx\/index.php?rest_route=%2Fwp%2Fv2%2Fmedia&parent=58271"}],"wp:term":[{"taxonomy":"category","embeddable":true,"href":"https:\/\/informebajio.com.mx\/index.php?rest_route=%2Fwp%2Fv2%2Fcategories&post=58271"},{"taxonomy":"post_tag","embeddable":true,"href":"https:\/\/informebajio.com.mx\/index.php?rest_route=%2Fwp%2Fv2%2Ftags&post=58271"}],"curies":[{"name":"wp","href":"https:\/\/api.w.org\/{rel}","templated":true}]}}