{"id":58283,"date":"2026-09-01T04:33:17","date_gmt":"2026-09-01T10:33:17","guid":{"rendered":"https:\/\/informebajio.com.mx\/?p=58283"},"modified":"2026-09-01T04:33:17","modified_gmt":"2026-09-01T10:33:17","slug":"arturo-maximiliano-pide-analizar-propuesta-sobre-doble-nacionalidad","status":"publish","type":"post","link":"https:\/\/informebajio.com.mx\/?p=58283","title":{"rendered":"Arturo Maximiliano pide analizar propuesta sobre doble nacionalidad\u00a0"},"content":{"rendered":"<div>\n<p><span style=\"font-weight: 400;\">Howard Salas\u00a0<\/span><\/p>\n<p><span style=\"font-weight: 400;\">Noticias\u00a0<\/span><\/p>\n<p>\u00a0<\/p>\n<p><span style=\"font-weight: 400;\">El diputado local Arturo Maximiliano Garc\u00eda opin\u00f3 que la propuesta por parte de la presidenta Claudia Sheinbaum sobre las posibles restricciones a personas con doble nacionalidad para cargos de elecci\u00f3n popular debe ser evaluada por el Congreso, en especial por la situaci\u00f3n actual del pa\u00eds. Detall\u00f3 que el objetivo es evitar que personas que pudieran tener intereses vinculados con dos nacionalidades lleguen a tener injerencias en las decisiones de gobierno.\u00a0<\/span><\/p>\n<p><span style=\"font-weight: 400;\">\u201cEs simplemente ponerlo a consideraci\u00f3n del Congreso, ante las circunstancias que vivimos actualmente\u2026 Creo que es muy importante valorarlo, particularmente en las circunstancias en las que nos encontramos\u201d se\u00f1al\u00f3 el legislador.<\/span><\/p>\n<p><span style=\"font-weight: 400;\">Arturo Maximiliano aclar\u00f3 que, si bien a\u00fan no ha revisado de forma detallada la propuesta de la presidenta, esta responde a una necesidad de valorar los intereses nacionales. Asimismo, resalt\u00f3 que, pese a las acusaciones sobre que la iniciativa podr\u00eda tener alg\u00fan objetivo en particular, esta no est\u00e1 dirigida a nadie. Sostuvo que se trata de un tema asociado con la soberan\u00eda nacional, y con la confirmaci\u00f3n de que quienes ejerzan las funciones p\u00fablicas correspondan a un solo inter\u00e9s.\u00a0<\/span><\/p>\n<p><span style=\"font-weight: 400;\">\u201cNo creo que sea un tema que tenga nombre y apellido, me parece que lo que tiene es una relevancia en t\u00e9rminos precisamente de la defensa de los intereses nacionales y que no puede servir a dos amos\u201d declar\u00f3.\u00a0<\/span><\/p>\n<p><span style=\"font-weight: 400;\">Finalmente y en otro orden de ideas, el diputado asever\u00f3 que las acusaciones que se han lanzado contra su partido solo reflejan, a su pensar, una\u00a0 ansiedad de los otros bandos pol\u00edticos ante el panorama electoral.\u00a0<\/span><\/p>\n<p><span style=\"font-weight: 400;\">Consider\u00f3 que los otros bandos pol\u00edticos deben ver sus propias acciones antes de cuestionar las actividades pol\u00edticas de sus adversarios. <\/span><\/p>\n<\/div>\n<p><script>(function(d, s, id) {\n  var js, fjs = d.getElementsByTagName(s)[0];\n  if (d.getElementById(id)) return;\n  js = d.createElement(s); js.id = id;\n  js.src = \"\/\/connect.facebook.net\/es_LA\/sdk.js#xfbml=1&appId=546007945598485&version=v2.3\";\n  fjs.parentNode.insertBefore(js, fjs);\n}(document, 'script', 'facebook-jssdk'));<\/script><\/p>\n","protected":false},"excerpt":{"rendered":"<p>Howard Salas\u00a0 Noticias\u00a0 \u00a0 El diputado local Arturo Maximiliano Garc\u00eda opin\u00f3 que la propuesta por parte de la presidenta Claudia Sheinbaum sobre las posibles restricciones a personas con doble nacionalidad para cargos de elecci\u00f3n popular debe ser evaluada por el Congreso, en especial por la situaci\u00f3n actual del pa\u00eds. Detall\u00f3 que el objetivo es evitar [&hellip;]<\/p>\n","protected":false},"author":2,"featured_media":58284,"comment_status":"","ping_status":"","sticky":false,"template":"","format":"standard","meta":{"_monsterinsights_skip_tracking":false,"_monsterinsights_sitenote_active":false,"_monsterinsights_sitenote_note":"","_monsterinsights_sitenote_category":0,"footnotes":""},"categories":[4],"tags":[],"class_list":["post-58283","post","type-post","status-publish","format-standard","has-post-thumbnail","hentry","category-queretaro"],"_links":{"self":[{"href":"https:\/\/informebajio.com.mx\/index.php?rest_route=\/wp\/v2\/posts\/58283","targetHints":{"allow":["GET"]}}],"collection":[{"href":"https:\/\/informebajio.com.mx\/index.php?rest_route=\/wp\/v2\/posts"}],"about":[{"href":"https:\/\/informebajio.com.mx\/index.php?rest_route=\/wp\/v2\/types\/post"}],"author":[{"embeddable":true,"href":"https:\/\/informebajio.com.mx\/index.php?rest_route=\/wp\/v2\/users\/2"}],"replies":[{"embeddable":true,"href":"https:\/\/informebajio.com.mx\/index.php?rest_route=%2Fwp%2Fv2%2Fcomments&post=58283"}],"version-history":[{"count":0,"href":"https:\/\/informebajio.com.mx\/index.php?rest_route=\/wp\/v2\/posts\/58283\/revisions"}],"wp:featuredmedia":[{"embeddable":true,"href":"https:\/\/informebajio.com.mx\/index.php?rest_route=\/wp\/v2\/media\/58284"}],"wp:attachment":[{"href":"https:\/\/informebajio.com.mx\/index.php?rest_route=%2Fwp%2Fv2%2Fmedia&parent=58283"}],"wp:term":[{"taxonomy":"category","embeddable":true,"href":"https:\/\/informebajio.com.mx\/index.php?rest_route=%2Fwp%2Fv2%2Fcategories&post=58283"},{"taxonomy":"post_tag","embeddable":true,"href":"https:\/\/informebajio.com.mx\/index.php?rest_route=%2Fwp%2Fv2%2Ftags&post=58283"}],"curies":[{"name":"wp","href":"https:\/\/api.w.org\/{rel}","templated":true}]}}