{"id":58285,"date":"2026-09-01T08:42:07","date_gmt":"2026-09-01T14:42:07","guid":{"rendered":"https:\/\/informebajio.com.mx\/?p=58285"},"modified":"2026-09-01T08:42:07","modified_gmt":"2026-09-01T14:42:07","slug":"villa-de-pozos-inaugura-el-nuevo-ciclo-escolar-2026-2027","status":"publish","type":"post","link":"https:\/\/informebajio.com.mx\/?p=58285","title":{"rendered":"VILLA DE POZOS INAUGURA EL NUEVO CICLO ESCOLAR 2026-2027"},"content":{"rendered":"<p class=\"wp-block-paragraph\"><strong>Con la entrega de libros de textos gratuitos a estudiantes y honores a la bandera comenz\u00f3 el nuevo a\u00f1o escolar.<\/strong><\/p>\n<figure class=\"wp-block-image size-large is-resized\"><img decoding=\"async\" loading=\"lazy\" width=\"950\" height=\"633\" src=\"https:\/\/laroja.com.mx\/wp-content\/uploads\/2026\/08\/pozos-10-950x633.jpeg\" alt=\"\" class=\"wp-image-550236\" style=\"aspect-ratio:1.4996631615945637;width:780px;height:auto\" \/><\/figure>\n<p class=\"wp-block-paragraph\">Entre nuevos rostros, la inquietud por aprender y salones listos, la presidenta concejal de Villa de Pozos, Paty Aradillas Aradillas, inaugur\u00f3 el nuevo ciclo escolar 2026-2027 en la Escuela Primaria \u201cProfr. Librado Rivera\u201d con la presencia de estudiantes, profesores y padres de familia.<\/p>\n<p class=\"wp-block-paragraph\">Paty Aradillas dio la bienvenida a nuevo a\u00f1o escolar a 66 escuelas de educaci\u00f3n b\u00e1sica en Villa de Pozos y a m\u00e1s de 18 mil alumnas y alumnos, quienes representan el futuro del municipio.<\/p>\n<p class=\"wp-block-paragraph\">Con la entrega simb\u00f3lica de libros de texto gratuito, la Concejal Presidenta les dese\u00f3 a las y los estudiantes que regresan a las aulas que este nuevo ciclo comience con alegr\u00eda, entusiasmo y grandes sue\u00f1os por cumplir en su formaci\u00f3n acad\u00e9mica.<\/p>\n<p class=\"wp-block-paragraph\">Por \u00faltimo, les reiter\u00f3 que con el acompa\u00f1amiento y apoyo de sus maestras, maestros y familias, alcancen sus metas y hagan de este ciclo una etapa de crecimiento, logros y nuevas experiencias, adem\u00e1s de contar con el soporte del Gobierno Municipal.<\/p>\n<figure class=\"wp-block-image size-large\"><img decoding=\"async\" loading=\"lazy\" width=\"950\" height=\"644\" src=\"https:\/\/laroja.com.mx\/wp-content\/uploads\/2026\/08\/Captura-de-pantalla-2026-08-31-a-las-10.51.10-p.m-950x644.png\" alt=\"\" class=\"wp-image-550237\" \/><\/figure>\n<p>The post <a href=\"https:\/\/laroja.com.mx\/destacada\/villa-de-pozos-inaugura-el-nuevo-ciclo-escolar-2026-2027\/\">VILLA DE POZOS INAUGURA EL NUEVO CICLO ESCOLAR 2026-2027<\/a> appeared first on <a href=\"https:\/\/laroja.com.mx\">La Roja<\/a>.<\/p>\n<p><\/p>\n","protected":false},"excerpt":{"rendered":"<p>Con la entrega de libros de textos gratuitos a estudiantes y honores a la bandera comenz\u00f3 el nuevo a\u00f1o escolar. Entre nuevos rostros, la inquietud por aprender y salones listos, la presidenta concejal de Villa de Pozos, Paty Aradillas Aradillas, inaugur\u00f3 el nuevo ciclo escolar 2026-2027 en la Escuela Primaria \u201cProfr. Librado Rivera\u201d con la [&hellip;]<\/p>\n","protected":false},"author":2,"featured_media":58286,"comment_status":"","ping_status":"","sticky":false,"template":"","format":"standard","meta":{"_monsterinsights_skip_tracking":false,"_monsterinsights_sitenote_active":false,"_monsterinsights_sitenote_note":"","_monsterinsights_sitenote_category":0,"footnotes":""},"categories":[5],"tags":[],"class_list":["post-58285","post","type-post","status-publish","format-standard","has-post-thumbnail","hentry","category-san-luis-potosi"],"_links":{"self":[{"href":"https:\/\/informebajio.com.mx\/index.php?rest_route=\/wp\/v2\/posts\/58285","targetHints":{"allow":["GET"]}}],"collection":[{"href":"https:\/\/informebajio.com.mx\/index.php?rest_route=\/wp\/v2\/posts"}],"about":[{"href":"https:\/\/informebajio.com.mx\/index.php?rest_route=\/wp\/v2\/types\/post"}],"author":[{"embeddable":true,"href":"https:\/\/informebajio.com.mx\/index.php?rest_route=\/wp\/v2\/users\/2"}],"replies":[{"embeddable":true,"href":"https:\/\/informebajio.com.mx\/index.php?rest_route=%2Fwp%2Fv2%2Fcomments&post=58285"}],"version-history":[{"count":0,"href":"https:\/\/informebajio.com.mx\/index.php?rest_route=\/wp\/v2\/posts\/58285\/revisions"}],"wp:featuredmedia":[{"embeddable":true,"href":"https:\/\/informebajio.com.mx\/index.php?rest_route=\/wp\/v2\/media\/58286"}],"wp:attachment":[{"href":"https:\/\/informebajio.com.mx\/index.php?rest_route=%2Fwp%2Fv2%2Fmedia&parent=58285"}],"wp:term":[{"taxonomy":"category","embeddable":true,"href":"https:\/\/informebajio.com.mx\/index.php?rest_route=%2Fwp%2Fv2%2Fcategories&post=58285"},{"taxonomy":"post_tag","embeddable":true,"href":"https:\/\/informebajio.com.mx\/index.php?rest_route=%2Fwp%2Fv2%2Ftags&post=58285"}],"curies":[{"name":"wp","href":"https:\/\/api.w.org\/{rel}","templated":true}]}}