{"id":58303,"date":"2026-09-02T09:46:02","date_gmt":"2026-09-02T15:46:02","guid":{"rendered":"https:\/\/informebajio.com.mx\/?p=58303"},"modified":"2026-09-02T09:46:02","modified_gmt":"2026-09-02T15:46:02","slug":"joven-pierde-la-vida-tras-ser-atropellada-por-transporte-de-personal-frente-a-la-upa","status":"publish","type":"post","link":"https:\/\/informebajio.com.mx\/?p=58303","title":{"rendered":"Joven pierde la vida tras ser atropellada por transporte de personal frente a La UPA"},"content":{"rendered":"<p class=\"wp-block-paragraph\">La joven intentaba cruzar la vialidad cuando fue impactada por una camioneta de transporte de personal.<\/p>\n<p class=\"wp-block-paragraph\">Una joven de aproximadamente 23 a\u00f1os perdi\u00f3 la vida la ma\u00f1ana de este martes tras un hecho vial registrado sobre el bulevar Valle de los Fantasmas, frente a la colonia La UPA.<\/p>\n<p class=\"wp-block-paragraph\">De acuerdo con informaci\u00f3n preliminar, la joven intentaba cruzar la vialidad cuando fue impactada por una camioneta de transporte de personal. El conductor habr\u00eda realizado una maniobra para intentar evitar el impacto, sin conseguirlo.<\/p>\n<figure class=\"wp-block-image aligncenter size-full is-resized\"><img decoding=\"async\" loading=\"lazy\" width=\"940\" height=\"788\" src=\"https:\/\/laroja.com.mx\/wp-content\/uploads\/2026\/09\/1000137480.jpg\" alt=\"\" class=\"wp-image-551847\" style=\"aspect-ratio:1.1929170549860204;width:652px;height:auto\" \/><\/figure>\n<p class=\"wp-block-paragraph\">La zona fue resguardada para realizar las diligencias correspondientes. Tanto el conductor como la unidad quedaron a disposici\u00f3n de la autoridad mientras los peritajes establecen c\u00f3mo ocurri\u00f3 el accidente y las posibles responsabilidades.<\/p>\n<p class=\"wp-block-paragraph\">El hecho vuelve a poner atenci\u00f3n sobre la seguridad vial y la circulaci\u00f3n de unidades de transporte de personal en la zona metropolitana.<\/p>\n<p>The post <a href=\"https:\/\/laroja.com.mx\/locales\/joven-pierde-la-vida-tras-ser-atropellada-por-transporte-de-personal-frente-a-la-upa\/\">Joven pierde la vida tras ser atropellada por transporte de personal frente a La UPA<\/a> appeared first on <a href=\"https:\/\/laroja.com.mx\">La Roja<\/a>.<\/p>\n<p><\/p>\n","protected":false},"excerpt":{"rendered":"<p>La joven intentaba cruzar la vialidad cuando fue impactada por una camioneta de transporte de personal. Una joven de aproximadamente 23 a\u00f1os perdi\u00f3 la vida la ma\u00f1ana de este martes tras un hecho vial registrado sobre el bulevar Valle de los Fantasmas, frente a la colonia La UPA. De acuerdo con informaci\u00f3n preliminar, la joven [&hellip;]<\/p>\n","protected":false},"author":2,"featured_media":58304,"comment_status":"","ping_status":"","sticky":false,"template":"","format":"standard","meta":{"_monsterinsights_skip_tracking":false,"_monsterinsights_sitenote_active":false,"_monsterinsights_sitenote_note":"","_monsterinsights_sitenote_category":0,"footnotes":""},"categories":[5],"tags":[],"class_list":["post-58303","post","type-post","status-publish","format-standard","has-post-thumbnail","hentry","category-san-luis-potosi"],"_links":{"self":[{"href":"https:\/\/informebajio.com.mx\/index.php?rest_route=\/wp\/v2\/posts\/58303","targetHints":{"allow":["GET"]}}],"collection":[{"href":"https:\/\/informebajio.com.mx\/index.php?rest_route=\/wp\/v2\/posts"}],"about":[{"href":"https:\/\/informebajio.com.mx\/index.php?rest_route=\/wp\/v2\/types\/post"}],"author":[{"embeddable":true,"href":"https:\/\/informebajio.com.mx\/index.php?rest_route=\/wp\/v2\/users\/2"}],"replies":[{"embeddable":true,"href":"https:\/\/informebajio.com.mx\/index.php?rest_route=%2Fwp%2Fv2%2Fcomments&post=58303"}],"version-history":[{"count":0,"href":"https:\/\/informebajio.com.mx\/index.php?rest_route=\/wp\/v2\/posts\/58303\/revisions"}],"wp:featuredmedia":[{"embeddable":true,"href":"https:\/\/informebajio.com.mx\/index.php?rest_route=\/wp\/v2\/media\/58304"}],"wp:attachment":[{"href":"https:\/\/informebajio.com.mx\/index.php?rest_route=%2Fwp%2Fv2%2Fmedia&parent=58303"}],"wp:term":[{"taxonomy":"category","embeddable":true,"href":"https:\/\/informebajio.com.mx\/index.php?rest_route=%2Fwp%2Fv2%2Fcategories&post=58303"},{"taxonomy":"post_tag","embeddable":true,"href":"https:\/\/informebajio.com.mx\/index.php?rest_route=%2Fwp%2Fv2%2Ftags&post=58303"}],"curies":[{"name":"wp","href":"https:\/\/api.w.org\/{rel}","templated":true}]}}