{"id":58311,"date":"2026-09-02T20:40:56","date_gmt":"2026-09-03T02:40:56","guid":{"rendered":"https:\/\/informebajio.com.mx\/?p=58311"},"modified":"2026-09-02T20:40:56","modified_gmt":"2026-09-03T02:40:56","slug":"se-suma-colon-al-circuito-nacional-por-la-paz-y-al-hay-festival-queretaro-2026","status":"publish","type":"post","link":"https:\/\/informebajio.com.mx\/?p=58311","title":{"rendered":"Se suma Col\u00f3n al circuito nacional por la paz y al Hay Festival Quer\u00e9taro 2026\u00a0"},"content":{"rendered":"<div>\n<p><span style=\"font-weight: 400;\">Noticias<\/span><\/p>\n<p>\u00a0<\/p>\n<p><span style=\"font-weight: 400;\">Bajo la premisa de la m\u00fasica como puente y la palabra como herramienta de construcci\u00f3n, la Presidencia Municipal de Col\u00f3n, que encabeza Gaspar Trueba Moncada, se suma al Circuito Nacional de Festividades por la Paz y al Hay Festival Quer\u00e9taro 2026, con una jornada cultural de primer nivel.<\/span><\/p>\n<p><span style=\"font-weight: 400;\">Gracias a la gesti\u00f3n del Alcalde Gaspar Trueba Moncada, fue posible que Col\u00f3n sea considerada como sede oficial dentro de este circuito nacional y del festival m\u00e1s importante de ideas y literatura, logrando traer a territorio colonense dos eventos de talla nacional e internacional que habitualmente se concentran en la capital.<\/span><\/p>\n<p><span style=\"font-weight: 400;\">El pr\u00f3ximo viernes 05 de septiembre, el Jard\u00edn H\u00e9roes de la Revoluci\u00f3n se convertir\u00e1 en el epicentro del arte y la reflexi\u00f3n.<\/span><\/p>\n<p><span style=\"font-weight: 400;\">En punto de las 17:00 horas, dar\u00e1 inicio el concierto de la Orquesta Comunitaria de Cuerdas de Col\u00f3n, un proyecto que es orgullo del municipio y que demuestra que la formaci\u00f3n art\u00edstica puede tejer comunidad y alejar a la ni\u00f1ez y juventud de la violencia.<\/span><\/p>\n<p><span style=\"font-weight: 400;\">Ser\u00e1n ni\u00f1as, ni\u00f1os y j\u00f3venes colonenses quienes, con viol\u00edn y violonchelo en mano, pondr\u00e1n el talento y la nota cultural y art\u00edstica que tiene este municipio.<\/span><\/p>\n<p><span style=\"font-weight: 400;\">Y como parte de esta misma pol\u00edtica social de reconstrucci\u00f3n del tejido social impulsada por el alcalde Gaspar Trueba, a las 18:00 horas, en el mismo escenario, se llevar\u00e1 a cabo una conversaci\u00f3n de alto calado, la periodista y defensora de derechos humanos, Lydia Cacho, dialogar\u00e1 con el reconocido escritor y periodista de radio y televisi\u00f3n, Primitivo Olvera.<\/span><\/p>\n<p><span style=\"font-weight: 400;\">Dos eventos que no son aislados. Ambos forman parte de la programaci\u00f3n oficial del Hay Festival Quer\u00e9taro 2026, uno de los festivales de ideas m\u00e1s importantes del mundo, que este a\u00f1o se realiza con la participaci\u00f3n de los gobiernos federal y estatal.<\/span><\/p>\n<p><span style=\"font-weight: 400;\">Col\u00f3n no s\u00f3lo es invitado, es protagonista. Con cultura, con m\u00fasica y con di\u00e1logo cr\u00edtico, y gracias al impulso decidido de su Presidente Municipal, el municipio levanta la mano en la agenda nacional por la paz.<\/span><\/p>\n<p>\u00a0<\/p>\n<\/div>\n<p><script>(function(d, s, id) {\n  var js, fjs = d.getElementsByTagName(s)[0];\n  if (d.getElementById(id)) return;\n  js = d.createElement(s); js.id = id;\n  js.src = \"\/\/connect.facebook.net\/es_LA\/sdk.js#xfbml=1&appId=546007945598485&version=v2.3\";\n  fjs.parentNode.insertBefore(js, fjs);\n}(document, 'script', 'facebook-jssdk'));<\/script><\/p>\n","protected":false},"excerpt":{"rendered":"<p>Noticias \u00a0 Bajo la premisa de la m\u00fasica como puente y la palabra como herramienta de construcci\u00f3n, la Presidencia Municipal de Col\u00f3n, que encabeza Gaspar Trueba Moncada, se suma al Circuito Nacional de Festividades por la Paz y al Hay Festival Quer\u00e9taro 2026, con una jornada cultural de primer nivel. Gracias a la gesti\u00f3n del [&hellip;]<\/p>\n","protected":false},"author":2,"featured_media":58312,"comment_status":"","ping_status":"","sticky":false,"template":"","format":"standard","meta":{"_monsterinsights_skip_tracking":false,"_monsterinsights_sitenote_active":false,"_monsterinsights_sitenote_note":"","_monsterinsights_sitenote_category":0,"footnotes":""},"categories":[4],"tags":[],"class_list":["post-58311","post","type-post","status-publish","format-standard","has-post-thumbnail","hentry","category-queretaro"],"_links":{"self":[{"href":"https:\/\/informebajio.com.mx\/index.php?rest_route=\/wp\/v2\/posts\/58311","targetHints":{"allow":["GET"]}}],"collection":[{"href":"https:\/\/informebajio.com.mx\/index.php?rest_route=\/wp\/v2\/posts"}],"about":[{"href":"https:\/\/informebajio.com.mx\/index.php?rest_route=\/wp\/v2\/types\/post"}],"author":[{"embeddable":true,"href":"https:\/\/informebajio.com.mx\/index.php?rest_route=\/wp\/v2\/users\/2"}],"replies":[{"embeddable":true,"href":"https:\/\/informebajio.com.mx\/index.php?rest_route=%2Fwp%2Fv2%2Fcomments&post=58311"}],"version-history":[{"count":0,"href":"https:\/\/informebajio.com.mx\/index.php?rest_route=\/wp\/v2\/posts\/58311\/revisions"}],"wp:featuredmedia":[{"embeddable":true,"href":"https:\/\/informebajio.com.mx\/index.php?rest_route=\/wp\/v2\/media\/58312"}],"wp:attachment":[{"href":"https:\/\/informebajio.com.mx\/index.php?rest_route=%2Fwp%2Fv2%2Fmedia&parent=58311"}],"wp:term":[{"taxonomy":"category","embeddable":true,"href":"https:\/\/informebajio.com.mx\/index.php?rest_route=%2Fwp%2Fv2%2Fcategories&post=58311"},{"taxonomy":"post_tag","embeddable":true,"href":"https:\/\/informebajio.com.mx\/index.php?rest_route=%2Fwp%2Fv2%2Ftags&post=58311"}],"curies":[{"name":"wp","href":"https:\/\/api.w.org\/{rel}","templated":true}]}}