{"id":58313,"date":"2026-09-03T01:41:40","date_gmt":"2026-09-03T07:41:40","guid":{"rendered":"https:\/\/informebajio.com.mx\/?p=58313"},"modified":"2026-09-03T01:41:40","modified_gmt":"2026-09-03T07:41:40","slug":"voy-a-poner-la-bandera-en-alto-dice-gimenez","status":"publish","type":"post","link":"https:\/\/informebajio.com.mx\/?p=58313","title":{"rendered":"\u201cVoy a poner la bandera en alto\u201d, dice Gim\u00e9nez"},"content":{"rendered":"<div>\n<p><span style=\"font-weight: 400;\">Tras aterrizar en Portugal, Santiago Gim\u00e9nez busca dejar atr\u00e1s una temporada complicada entre su paso por el AC Milan y su participaci\u00f3n con la Selecci\u00f3n Mexicana en la Copa del Mundo 2026. El delantero no logr\u00f3 mostrar su mejor versi\u00f3n en el torneo y, adem\u00e1s, sufri\u00f3 una lesi\u00f3n que fren\u00f3 su actividad en un momento clave.<\/span><\/p>\n<p><span style=\"font-weight: 400;\">Con la mira puesta en recuperar su mejor nivel en el Porto, el canterano de Cruz Azul fue recibido con entusiasmo por la instituci\u00f3n y por sus nuevos compa\u00f1eros, quienes conf\u00edan en que pueda convertirse en una de las referencias ofensivas del equipo durante la presente campa\u00f1a.<\/span><\/p>\n<p><span style=\"font-weight: 400;\">Consciente de que su rendimiento estuvo por debajo de las expectativas en los \u00faltimos meses, Gim\u00e9nez encara este nuevo desaf\u00edo con la ilusi\u00f3n de relanzar su carrera. Adem\u00e1s, el delantero mexicano sabe que el Porto ha sido un escenario de \u00e9xito para varios futbolistas mexicanos, un antecedente que lo motiva a seguir ese mismo camino.<\/span><\/p>\n<p><span style=\"font-weight: 400;\">En entrevista con los medios oficiales del club, el atacante no ocult\u00f3 su entusiasmo por esta nueva etapa y asegur\u00f3 que trabajar\u00e1 al m\u00e1ximo para representar de la mejor manera a su pa\u00eds.<\/span><\/p>\n<p><span style=\"font-weight: 400;\">\u201cPara todos los mexicanos, quiero decirles que tienen a uno m\u00e1s aqu\u00ed en el Porto. S\u00e9 que muchas leyendas de nuestro pa\u00eds han pasado por este club y quiero seguir sus pasos. Voy a poner la Bandera de M\u00e9xico en lo m\u00e1s alto y a representarlos de la mejor manera, tal como ellos lo hicieron en el pasado\u201d.<\/span><\/p>\n<\/div>\n<p><script>(function(d, s, id) {\n  var js, fjs = d.getElementsByTagName(s)[0];\n  if (d.getElementById(id)) return;\n  js = d.createElement(s); js.id = id;\n  js.src = \"\/\/connect.facebook.net\/es_LA\/sdk.js#xfbml=1&appId=546007945598485&version=v2.3\";\n  fjs.parentNode.insertBefore(js, fjs);\n}(document, 'script', 'facebook-jssdk'));<\/script><\/p>\n","protected":false},"excerpt":{"rendered":"<p>Tras aterrizar en Portugal, Santiago Gim\u00e9nez busca dejar atr\u00e1s una temporada complicada entre su paso por el AC Milan y su participaci\u00f3n con la Selecci\u00f3n Mexicana en la Copa del Mundo 2026. El delantero no logr\u00f3 mostrar su mejor versi\u00f3n en el torneo y, adem\u00e1s, sufri\u00f3 una lesi\u00f3n que fren\u00f3 su actividad en un momento [&hellip;]<\/p>\n","protected":false},"author":2,"featured_media":58314,"comment_status":"","ping_status":"","sticky":false,"template":"","format":"standard","meta":{"_monsterinsights_skip_tracking":false,"_monsterinsights_sitenote_active":false,"_monsterinsights_sitenote_note":"","_monsterinsights_sitenote_category":0,"footnotes":""},"categories":[4],"tags":[],"class_list":["post-58313","post","type-post","status-publish","format-standard","has-post-thumbnail","hentry","category-queretaro"],"_links":{"self":[{"href":"https:\/\/informebajio.com.mx\/index.php?rest_route=\/wp\/v2\/posts\/58313","targetHints":{"allow":["GET"]}}],"collection":[{"href":"https:\/\/informebajio.com.mx\/index.php?rest_route=\/wp\/v2\/posts"}],"about":[{"href":"https:\/\/informebajio.com.mx\/index.php?rest_route=\/wp\/v2\/types\/post"}],"author":[{"embeddable":true,"href":"https:\/\/informebajio.com.mx\/index.php?rest_route=\/wp\/v2\/users\/2"}],"replies":[{"embeddable":true,"href":"https:\/\/informebajio.com.mx\/index.php?rest_route=%2Fwp%2Fv2%2Fcomments&post=58313"}],"version-history":[{"count":0,"href":"https:\/\/informebajio.com.mx\/index.php?rest_route=\/wp\/v2\/posts\/58313\/revisions"}],"wp:featuredmedia":[{"embeddable":true,"href":"https:\/\/informebajio.com.mx\/index.php?rest_route=\/wp\/v2\/media\/58314"}],"wp:attachment":[{"href":"https:\/\/informebajio.com.mx\/index.php?rest_route=%2Fwp%2Fv2%2Fmedia&parent=58313"}],"wp:term":[{"taxonomy":"category","embeddable":true,"href":"https:\/\/informebajio.com.mx\/index.php?rest_route=%2Fwp%2Fv2%2Fcategories&post=58313"},{"taxonomy":"post_tag","embeddable":true,"href":"https:\/\/informebajio.com.mx\/index.php?rest_route=%2Fwp%2Fv2%2Ftags&post=58313"}],"curies":[{"name":"wp","href":"https:\/\/api.w.org\/{rel}","templated":true}]}}