{"id":58329,"date":"2026-09-03T16:45:13","date_gmt":"2026-09-03T22:45:13","guid":{"rendered":"https:\/\/informebajio.com.mx\/?p=58329"},"modified":"2026-09-03T16:45:13","modified_gmt":"2026-09-03T22:45:13","slug":"rehabilitan-camino-a-puerta-de-enmedio","status":"publish","type":"post","link":"https:\/\/informebajio.com.mx\/?p=58329","title":{"rendered":"Rehabilitan camino a Puerta de Enmedio"},"content":{"rendered":"<div>\n<h2><span style=\"font-weight: 400;\">Supervisa Gaspar Trueba obra; se trata de un camino que por a\u00f1os fue angosto e inseguro<\/span><\/h2>\n<p><span style=\"font-weight: 400;\">Noticias\u00a0<\/span><\/p>\n<p>\u00a0<\/p>\n<p><span style=\"font-weight: 400;\">Con el compromiso de escuchar primero a la gente y de cumplir la palabra comprometida, el Presidente Municipal de Col\u00f3n, Gaspar Trueba Moncada, supervis\u00f3 junto a vecinos y funcionarios la obra de rehabilitaci\u00f3n del camino de acceso a la comunidad de Puerta de Enmedio.<\/span><\/p>\n<p><span style=\"font-weight: 400;\">Durante el recorrido, el Alcalde destac\u00f3 que la obra ha transformado por completo una vialidad que por a\u00f1os fue angosta y peligrosa, y que hoy ya cuenta con banquetas donde las familias pueden caminar con seguridad. Se\u00f1al\u00f3 al respecto que al concluir la primera etapa, se arranc\u00f3 de inmediato la segunda para no detener los trabajos.<\/span><\/p>\n<p><span style=\"font-weight: 400;\">Gaspar Trueba subray\u00f3 que se trata de una obra 100% municipal, sin intervenci\u00f3n del estado ni de la federaci\u00f3n, lo que ha implicado un esfuerzo presupuestal importante para su administraci\u00f3n.<\/span><\/p>\n<p><span style=\"font-weight: 400;\">Vecinos y el comit\u00e9 de obra agradecieron al presidente municipal por hacer realidad una petici\u00f3n de muchos a\u00f1os que ninguna administraci\u00f3n hab\u00eda atendido. Trueba Moncada pidi\u00f3 a los habitantes seguir cuidando la obra y aprovechar el momento para se\u00f1alar cualquier inconformidad o ajuste necesario.<\/span><\/p>\n<p><span style=\"font-weight: 400;\">Destac\u00f3 que esta carretera no solo beneficiar\u00e1 a Puerta de Enmedio, sino tambi\u00e9n a comunidades de Zamorano y a usuarios de El Marqu\u00e9s que transitan por la zona, convirti\u00e9ndose en una vialidad clave para la conectividad regional.<\/span><\/p>\n<p><span style=\"font-weight: 400;\">El Secretario de Obras P\u00fablicas, Esteban S\u00e1nchez Aburto, inform\u00f3 que la segunda etapa de rehabilitaci\u00f3n del camino Puerta de Enmedio \u2013 El Zamorano se encuentra en su fase final, a la espera \u00fanicamente del tendido de asfalto, el cual fue reprogramado para esta semana debido a las recientes lluvias.<\/span><\/p>\n<p><span style=\"font-weight: 400;\">Detall\u00f3 que esta segunda etapa comprende trabajos t\u00e9cnicos como 342 m\u00b3 de base hidr\u00e1ulica, riego de impregnaci\u00f3n, carpeta de concreto asf\u00e1ltico, 380 metros lineales de guarnici\u00f3n, 411 metros cuadrados de banqueta, 10 m\u00b2 de losa maciza de concreto, 345 metros lineales de dentell\u00f3n, reacomodo del guarda ganado con perfiles de refuerzo PTR, colocaci\u00f3n de violetas y se\u00f1alamiento restrictivo de velocidad. Con ello, agreg\u00f3, se est\u00e1 cerrando conforme a lo planeado esta importante obra de conectividad para la zona.<\/span><\/p>\n<\/div>\n<p><script>(function(d, s, id) {\n  var js, fjs = d.getElementsByTagName(s)[0];\n  if (d.getElementById(id)) return;\n  js = d.createElement(s); js.id = id;\n  js.src = \"\/\/connect.facebook.net\/es_LA\/sdk.js#xfbml=1&appId=546007945598485&version=v2.3\";\n  fjs.parentNode.insertBefore(js, fjs);\n}(document, 'script', 'facebook-jssdk'));<\/script><\/p>\n","protected":false},"excerpt":{"rendered":"<p>Supervisa Gaspar Trueba obra; se trata de un camino que por a\u00f1os fue angosto e inseguro Noticias\u00a0 \u00a0 Con el compromiso de escuchar primero a la gente y de cumplir la palabra comprometida, el Presidente Municipal de Col\u00f3n, Gaspar Trueba Moncada, supervis\u00f3 junto a vecinos y funcionarios la obra de rehabilitaci\u00f3n del camino de acceso [&hellip;]<\/p>\n","protected":false},"author":2,"featured_media":58330,"comment_status":"","ping_status":"","sticky":false,"template":"","format":"standard","meta":{"_monsterinsights_skip_tracking":false,"_monsterinsights_sitenote_active":false,"_monsterinsights_sitenote_note":"","_monsterinsights_sitenote_category":0,"footnotes":""},"categories":[4],"tags":[],"class_list":["post-58329","post","type-post","status-publish","format-standard","has-post-thumbnail","hentry","category-queretaro"],"_links":{"self":[{"href":"https:\/\/informebajio.com.mx\/index.php?rest_route=\/wp\/v2\/posts\/58329","targetHints":{"allow":["GET"]}}],"collection":[{"href":"https:\/\/informebajio.com.mx\/index.php?rest_route=\/wp\/v2\/posts"}],"about":[{"href":"https:\/\/informebajio.com.mx\/index.php?rest_route=\/wp\/v2\/types\/post"}],"author":[{"embeddable":true,"href":"https:\/\/informebajio.com.mx\/index.php?rest_route=\/wp\/v2\/users\/2"}],"replies":[{"embeddable":true,"href":"https:\/\/informebajio.com.mx\/index.php?rest_route=%2Fwp%2Fv2%2Fcomments&post=58329"}],"version-history":[{"count":0,"href":"https:\/\/informebajio.com.mx\/index.php?rest_route=\/wp\/v2\/posts\/58329\/revisions"}],"wp:featuredmedia":[{"embeddable":true,"href":"https:\/\/informebajio.com.mx\/index.php?rest_route=\/wp\/v2\/media\/58330"}],"wp:attachment":[{"href":"https:\/\/informebajio.com.mx\/index.php?rest_route=%2Fwp%2Fv2%2Fmedia&parent=58329"}],"wp:term":[{"taxonomy":"category","embeddable":true,"href":"https:\/\/informebajio.com.mx\/index.php?rest_route=%2Fwp%2Fv2%2Fcategories&post=58329"},{"taxonomy":"post_tag","embeddable":true,"href":"https:\/\/informebajio.com.mx\/index.php?rest_route=%2Fwp%2Fv2%2Ftags&post=58329"}],"curies":[{"name":"wp","href":"https:\/\/api.w.org\/{rel}","templated":true}]}}