{"id":58333,"date":"2026-09-03T21:46:03","date_gmt":"2026-09-04T03:46:03","guid":{"rendered":"https:\/\/informebajio.com.mx\/?p=58333"},"modified":"2026-09-03T21:46:03","modified_gmt":"2026-09-04T03:46:03","slug":"celebrara-tequisquiapan-fiestas-patrias-con-ecos-de-libertad","status":"publish","type":"post","link":"https:\/\/informebajio.com.mx\/?p=58333","title":{"rendered":"Celebrar\u00e1 Tequisquiapan fiestas patrias con \u201cEcos de Libertad\u201d\u00a0"},"content":{"rendered":"<div>\n<p><span style=\"font-weight: 400;\">Por: Selene Mtz.<\/span><\/p>\n<p><span style=\"font-weight: 400;\">Noticias<\/span><\/p>\n<p>\u00a0<\/p>\n<p><span style=\"font-weight: 400;\">La secretaria de turismo del municipio de Tequisquiapan, present\u00f3 el festival \u201cEcos de Libertad que se llevar\u00e1 a cabo con motivo de las fiestas patrias y la Vendimia de Ra\u00edz. Este ser\u00e1 un evento cultural, musical y gastron\u00f3mico que se realizar\u00e1 del 11 al 16 de septiembre en la Plaza Miguel Hidalgo.\u00a0<\/span><\/p>\n<p><span style=\"font-weight: 400;\">\u201cRe\u00fane cultura, tradici\u00f3n, m\u00fasica y gastronom\u00eda en nuestra plaza principal, es un festival que celebra el tema patrio,pero tambi\u00e9n toda la cultura que tenemos en Tequisquiapan, todas nuestras tradiciones, vamos a tener muchas actividades en donde nuestro talento local estar\u00e1 volcado en el evento\u201d, expres\u00f3 el secretario de Turismo local, Jos\u00e9 Iv\u00e1n Res\u00e9ndiz Guerrero.<\/span><\/p>\n<p><span style=\"font-weight: 400;\">\u00a0El momento cumbre ser\u00e1 el Grito de Independencia el 15 de septiembre a las 23:00 horas, encabezado por el alcalde H\u00e9ctor Maga\u00f1a Renter\u00eda. Previamente el 12 de septiembre debutar\u00e1 la \u201cVendimia de Ra\u00edz\u201d, organizada por la Asociaci\u00f3n de Productores de Bodegas y Vi\u00f1edos de Tequisquiapan. Este evento busca promover vinos locales elaborados con uvas nativas.<\/span><\/p>\n<p><span style=\"font-weight: 400;\">El programa art\u00edstico incluir\u00e1 un ballet folcl\u00f3rico de Ezequiel Montes y la m\u00fasica en vivo del dueto Eclipse, integrado por piano y viol\u00edn. Por la tarde, el grupo Vers\u00e1til Latitud Norte tomar\u00e1 el escenario, dando paso a un DJ para cerrar la jornada nocturna.<\/span><\/p>\n<p><span style=\"font-weight: 400;\">La gastronom\u00eda queretana asumir\u00e1 un rol protag\u00f3nico mediante la participaci\u00f3n de cocineras tradicionales y diversos ingredientes de la regi\u00f3n, coordinados por la Asociaci\u00f3n Queretana de Cocineros.<\/span><\/p>\n<p><span style=\"font-weight: 400;\">\u201cLos eventos, las experiencias siguen diversific\u00e1ndose en Quer\u00e9taro, este Pueblo M\u00e1gico que sigue consolid\u00e1ndose como tal y ahora la vendimia que se suma como un producto tur\u00edstico y que a trav\u00e9s de la asociaci\u00f3n nos ofrecen una experiencia nueva, para nosotros es motivo de orgullo el saber que sigan consolid\u00e1ndose este tipo de proyectos\u201d, se\u00f1al\u00f3 el director de Promoci\u00f3n Tur\u00edstica de Quer\u00e9taro, Rodrigo Ibarra Lozano.<\/span><\/p>\n<\/div>\n<p><script>(function(d, s, id) {\n  var js, fjs = d.getElementsByTagName(s)[0];\n  if (d.getElementById(id)) return;\n  js = d.createElement(s); js.id = id;\n  js.src = \"\/\/connect.facebook.net\/es_LA\/sdk.js#xfbml=1&appId=546007945598485&version=v2.3\";\n  fjs.parentNode.insertBefore(js, fjs);\n}(document, 'script', 'facebook-jssdk'));<\/script><\/p>\n","protected":false},"excerpt":{"rendered":"<p>Por: Selene Mtz. Noticias \u00a0 La secretaria de turismo del municipio de Tequisquiapan, present\u00f3 el festival \u201cEcos de Libertad que se llevar\u00e1 a cabo con motivo de las fiestas patrias y la Vendimia de Ra\u00edz. Este ser\u00e1 un evento cultural, musical y gastron\u00f3mico que se realizar\u00e1 del 11 al 16 de septiembre en la Plaza [&hellip;]<\/p>\n","protected":false},"author":2,"featured_media":58334,"comment_status":"","ping_status":"","sticky":false,"template":"","format":"standard","meta":{"_monsterinsights_skip_tracking":false,"_monsterinsights_sitenote_active":false,"_monsterinsights_sitenote_note":"","_monsterinsights_sitenote_category":0,"footnotes":""},"categories":[4],"tags":[],"class_list":["post-58333","post","type-post","status-publish","format-standard","has-post-thumbnail","hentry","category-queretaro"],"_links":{"self":[{"href":"https:\/\/informebajio.com.mx\/index.php?rest_route=\/wp\/v2\/posts\/58333","targetHints":{"allow":["GET"]}}],"collection":[{"href":"https:\/\/informebajio.com.mx\/index.php?rest_route=\/wp\/v2\/posts"}],"about":[{"href":"https:\/\/informebajio.com.mx\/index.php?rest_route=\/wp\/v2\/types\/post"}],"author":[{"embeddable":true,"href":"https:\/\/informebajio.com.mx\/index.php?rest_route=\/wp\/v2\/users\/2"}],"replies":[{"embeddable":true,"href":"https:\/\/informebajio.com.mx\/index.php?rest_route=%2Fwp%2Fv2%2Fcomments&post=58333"}],"version-history":[{"count":0,"href":"https:\/\/informebajio.com.mx\/index.php?rest_route=\/wp\/v2\/posts\/58333\/revisions"}],"wp:featuredmedia":[{"embeddable":true,"href":"https:\/\/informebajio.com.mx\/index.php?rest_route=\/wp\/v2\/media\/58334"}],"wp:attachment":[{"href":"https:\/\/informebajio.com.mx\/index.php?rest_route=%2Fwp%2Fv2%2Fmedia&parent=58333"}],"wp:term":[{"taxonomy":"category","embeddable":true,"href":"https:\/\/informebajio.com.mx\/index.php?rest_route=%2Fwp%2Fv2%2Fcategories&post=58333"},{"taxonomy":"post_tag","embeddable":true,"href":"https:\/\/informebajio.com.mx\/index.php?rest_route=%2Fwp%2Fv2%2Ftags&post=58333"}],"curies":[{"name":"wp","href":"https:\/\/api.w.org\/{rel}","templated":true}]}}