{"id":58351,"date":"2026-09-04T11:54:29","date_gmt":"2026-09-04T17:54:29","guid":{"rendered":"https:\/\/informebajio.com.mx\/?p=58351"},"modified":"2026-09-04T11:54:29","modified_gmt":"2026-09-04T17:54:29","slug":"capturan-a-juan-n-por-presunta-violencia-familiar","status":"publish","type":"post","link":"https:\/\/informebajio.com.mx\/?p=58351","title":{"rendered":"Capturan a Juan \u201cN\u201d por presunta violencia familiar"},"content":{"rendered":"<div>\n<p class=\"wp-block-paragraph\">Los hechos denunciados habr\u00edan ocurrido en marzo de 2024 y agosto de 2025<\/p>\n<p class=\"wp-block-paragraph\">La Fiscal\u00eda de San Luis Potos\u00ed inform\u00f3 la captura de Juan \u201cN\u201d, se\u00f1alado por su probable participaci\u00f3n en el delito de violencia familiar.<\/p>\n<p class=\"wp-block-paragraph\">De acuerdo con la investigaci\u00f3n, los hechos denunciados habr\u00edan ocurrido en marzo de 2024 y agosto de 2025, en la colonia Colorines, donde presuntamente agredi\u00f3 f\u00edsica y verbalmente a la v\u00edctima.<\/p>\n<figure class=\"wp-block-image aligncenter size-full is-resized\"><img fetchpriority=\"high\" decoding=\"async\" width=\"940\" height=\"788\" src=\"https:\/\/laroja.com.mx\/wp-content\/uploads\/2026\/09\/1000137718.jpg\" alt=\"\" class=\"wp-image-555610\" style=\"aspect-ratio:1.1929170549860204;width:629px;height:auto\" srcset=\"https:\/\/laroja.com.mx\/wp-content\/uploads\/2026\/09\/1000137718.jpg 940w, https:\/\/laroja.com.mx\/wp-content\/uploads\/2026\/09\/1000137718-600x503.jpg 600w\" sizes=\"(max-width: 940px) 100vw, 940px\"\/><\/figure>\n<p class=\"wp-block-paragraph\">Tras obtener una orden de aprehensi\u00f3n, agentes de la Polic\u00eda de Investigaci\u00f3n localizaron al se\u00f1alado en calles de la colonia Aguaje 2000, en la capital potosina.<\/p>\n<p class=\"wp-block-paragraph\">Juan \u201cN\u201d fue trasladado al Centro Estatal de Reinserci\u00f3n Social de La Pila, donde qued\u00f3 a disposici\u00f3n de la autoridad judicial que determinar\u00e1 su situaci\u00f3n jur\u00eddica.<\/p>\n<\/p><\/div>\n<p><\/p>\n","protected":false},"excerpt":{"rendered":"<p>Los hechos denunciados habr\u00edan ocurrido en marzo de 2024 y agosto de 2025 La Fiscal\u00eda de San Luis Potos\u00ed inform\u00f3 la captura de Juan \u201cN\u201d, se\u00f1alado por su probable participaci\u00f3n en el delito de violencia familiar. De acuerdo con la investigaci\u00f3n, los hechos denunciados habr\u00edan ocurrido en marzo de 2024 y agosto de 2025, en [&hellip;]<\/p>\n","protected":false},"author":2,"featured_media":58352,"comment_status":"","ping_status":"","sticky":false,"template":"","format":"standard","meta":{"_monsterinsights_skip_tracking":false,"_monsterinsights_sitenote_active":false,"_monsterinsights_sitenote_note":"","_monsterinsights_sitenote_category":0,"footnotes":""},"categories":[5],"tags":[],"class_list":["post-58351","post","type-post","status-publish","format-standard","has-post-thumbnail","hentry","category-san-luis-potosi"],"_links":{"self":[{"href":"https:\/\/informebajio.com.mx\/index.php?rest_route=\/wp\/v2\/posts\/58351","targetHints":{"allow":["GET"]}}],"collection":[{"href":"https:\/\/informebajio.com.mx\/index.php?rest_route=\/wp\/v2\/posts"}],"about":[{"href":"https:\/\/informebajio.com.mx\/index.php?rest_route=\/wp\/v2\/types\/post"}],"author":[{"embeddable":true,"href":"https:\/\/informebajio.com.mx\/index.php?rest_route=\/wp\/v2\/users\/2"}],"replies":[{"embeddable":true,"href":"https:\/\/informebajio.com.mx\/index.php?rest_route=%2Fwp%2Fv2%2Fcomments&post=58351"}],"version-history":[{"count":0,"href":"https:\/\/informebajio.com.mx\/index.php?rest_route=\/wp\/v2\/posts\/58351\/revisions"}],"wp:featuredmedia":[{"embeddable":true,"href":"https:\/\/informebajio.com.mx\/index.php?rest_route=\/wp\/v2\/media\/58352"}],"wp:attachment":[{"href":"https:\/\/informebajio.com.mx\/index.php?rest_route=%2Fwp%2Fv2%2Fmedia&parent=58351"}],"wp:term":[{"taxonomy":"category","embeddable":true,"href":"https:\/\/informebajio.com.mx\/index.php?rest_route=%2Fwp%2Fv2%2Fcategories&post=58351"},{"taxonomy":"post_tag","embeddable":true,"href":"https:\/\/informebajio.com.mx\/index.php?rest_route=%2Fwp%2Fv2%2Ftags&post=58351"}],"curies":[{"name":"wp","href":"https:\/\/api.w.org\/{rel}","templated":true}]}}