{"id":58353,"date":"2026-09-04T12:47:10","date_gmt":"2026-09-04T18:47:10","guid":{"rendered":"https:\/\/informebajio.com.mx\/?p=58353"},"modified":"2026-09-04T12:47:10","modified_gmt":"2026-09-04T18:47:10","slug":"prepara-vizarron-celebracion-por-152-aniversario-de-sus-fiestas-patrias","status":"publish","type":"post","link":"https:\/\/informebajio.com.mx\/?p=58353","title":{"rendered":"Prepara Vizarr\u00f3n celebraci\u00f3n por 152 aniversario de sus Fiestas Patrias"},"content":{"rendered":"<div>\n<p><span style=\"font-weight: 400;\">Howard Salas\u00a0<\/span><\/p>\n<p><span style=\"font-weight: 400;\">Noticias\u00a0<\/span><\/p>\n<p>\u00a0<\/p>\n<p><span style=\"font-weight: 400;\">En el marco del 152 aniversario de las Fiestas Patrias de Vizar\u00f3n de Montes, la Junta Patri\u00f3tica de Vizarr\u00f3n llama a la ciudadan\u00eda a visitar su comunidad durante los d\u00edas 13 a 16 de septiembre, donde se llevar\u00e1n a cabo actividades culturales, deportivas y gastron\u00f3micas. Destacan el origen del festejo, siendo que data desde 1874 como tradici\u00f3n de la comunidad.\u00a0<\/span><\/p>\n<p><span style=\"font-weight: 400;\">\u201cNo solo se lleva a cabo una celebraci\u00f3n durante el D\u00eda del Grito de Independencia, el 15 de septiembre, sino que es una feria por fiestas patrias. Son cuatro d\u00edas en donde festejamos los valores y la identidad que nos identifican como mexicanos\u201d abund\u00f3 Octavio Orlando Zamorano, miembro de la Junta Patri\u00f3tica de Vizarr\u00f3n de Montes.<\/span><\/p>\n<p><span style=\"font-weight: 400;\">Luis Fernando Zamorano, delegado municipal de Vizarr\u00f3n, subray\u00f3 que dentro de los prop\u00f3sitos con los que se lleva a cabo esta fiesta est\u00e1 el demostrar la tradici\u00f3n, cultura e identidad de la comunidad. Destac\u00f3 que, derivado de convenios, el programa contar\u00e1 con la participaci\u00f3n de la UAQ, teniendo a la Rondalla Masculina, as\u00ed como diversas agrupaciones musicales.\u00a0<\/span><\/p>\n<p><span style=\"font-weight: 400;\">\u201cNuestra idea es seguir exaltando nuestras tradiciones, que nuestras festividades se sigan nombrando aqu\u00ed en nuestra capital queretana, y que, como queretanos, pues sepamos que ah\u00ed en Vizarr\u00f3n, pues tenemos bonitas, bonitas festividades que podemos visitar\u201d, a\u00f1adi\u00f3.\u00a0<\/span><\/p>\n<p><span style=\"font-weight: 400;\">Por su parte, Cristopher Marios Montes, director de Administraciones de la Secretar\u00eda de Turismo, coment\u00f3 que la comunidad de Vizarr\u00f3n representa un motor para el crecimiento cultural y econ\u00f3mico de la regi\u00f3n por sus recursos naturales, as\u00ed como sus tradiciones.<\/span><\/p>\n<p>\u00a0<\/p>\n<p><b>Buscan municipalizaci\u00f3n<\/b><\/p>\n<p>\u00a0<\/p>\n<p><span style=\"font-weight: 400;\">Zamorano inform\u00f3 que la poblaci\u00f3n se encuentra a la espera de la legislatura, tras a\u00f1os de estar planteando que la comunidad se haga municipio. Detall\u00f3 que actualmente el proceso est\u00e1 en pausa, a la espera de la votaci\u00f3n de los diputados.\u00a0<\/span><\/p>\n<p><span style=\"font-weight: 400;\">\u201cHe platicado con personas y todav\u00eda siguen firmes en que se haga municipio. Muchos lo han visto m\u00e1s como un beneficio, porque saben que el recurso llegar\u00eda de manera directa a muchas partes en las que actualmente, pues no es que no llegue, sino que a veces no alcanza por la amplitud del municipio\u201d, coment\u00f3.\u00a0<\/span><\/p>\n<p><span style=\"font-weight: 400;\">Agreg\u00f3 que es relevante que se lleve la informaci\u00f3n acerca de este tema a todas las comunidades que pudieran ser afectadas, dado que el cambio en el territorio representar\u00e1 transformaciones en la zona que afectar\u00edan a toda la poblaci\u00f3n.\u00a0<\/span><\/p>\n<\/div>\n<p><script>(function(d, s, id) {\n  var js, fjs = d.getElementsByTagName(s)[0];\n  if (d.getElementById(id)) return;\n  js = d.createElement(s); js.id = id;\n  js.src = \"\/\/connect.facebook.net\/es_LA\/sdk.js#xfbml=1&appId=546007945598485&version=v2.3\";\n  fjs.parentNode.insertBefore(js, fjs);\n}(document, 'script', 'facebook-jssdk'));<\/script><\/p>\n","protected":false},"excerpt":{"rendered":"<p>Howard Salas\u00a0 Noticias\u00a0 \u00a0 En el marco del 152 aniversario de las Fiestas Patrias de Vizar\u00f3n de Montes, la Junta Patri\u00f3tica de Vizarr\u00f3n llama a la ciudadan\u00eda a visitar su comunidad durante los d\u00edas 13 a 16 de septiembre, donde se llevar\u00e1n a cabo actividades culturales, deportivas y gastron\u00f3micas. Destacan el origen del festejo, siendo [&hellip;]<\/p>\n","protected":false},"author":2,"featured_media":58354,"comment_status":"","ping_status":"","sticky":false,"template":"","format":"standard","meta":{"_monsterinsights_skip_tracking":false,"_monsterinsights_sitenote_active":false,"_monsterinsights_sitenote_note":"","_monsterinsights_sitenote_category":0,"footnotes":""},"categories":[4],"tags":[],"class_list":["post-58353","post","type-post","status-publish","format-standard","has-post-thumbnail","hentry","category-queretaro"],"_links":{"self":[{"href":"https:\/\/informebajio.com.mx\/index.php?rest_route=\/wp\/v2\/posts\/58353","targetHints":{"allow":["GET"]}}],"collection":[{"href":"https:\/\/informebajio.com.mx\/index.php?rest_route=\/wp\/v2\/posts"}],"about":[{"href":"https:\/\/informebajio.com.mx\/index.php?rest_route=\/wp\/v2\/types\/post"}],"author":[{"embeddable":true,"href":"https:\/\/informebajio.com.mx\/index.php?rest_route=\/wp\/v2\/users\/2"}],"replies":[{"embeddable":true,"href":"https:\/\/informebajio.com.mx\/index.php?rest_route=%2Fwp%2Fv2%2Fcomments&post=58353"}],"version-history":[{"count":0,"href":"https:\/\/informebajio.com.mx\/index.php?rest_route=\/wp\/v2\/posts\/58353\/revisions"}],"wp:featuredmedia":[{"embeddable":true,"href":"https:\/\/informebajio.com.mx\/index.php?rest_route=\/wp\/v2\/media\/58354"}],"wp:attachment":[{"href":"https:\/\/informebajio.com.mx\/index.php?rest_route=%2Fwp%2Fv2%2Fmedia&parent=58353"}],"wp:term":[{"taxonomy":"category","embeddable":true,"href":"https:\/\/informebajio.com.mx\/index.php?rest_route=%2Fwp%2Fv2%2Fcategories&post=58353"},{"taxonomy":"post_tag","embeddable":true,"href":"https:\/\/informebajio.com.mx\/index.php?rest_route=%2Fwp%2Fv2%2Ftags&post=58353"}],"curies":[{"name":"wp","href":"https:\/\/api.w.org\/{rel}","templated":true}]}}