{"id":58355,"date":"2026-09-04T16:56:22","date_gmt":"2026-09-04T22:56:22","guid":{"rendered":"https:\/\/informebajio.com.mx\/?p=58355"},"modified":"2026-09-04T16:56:22","modified_gmt":"2026-09-04T22:56:22","slug":"exhorto-a-la-secretaria-de-comunicaciones-y-transportes-a-fortalecer-las-acciones-en-seguridad-para-las-usuarias-de-transporte-publico","status":"publish","type":"post","link":"https:\/\/informebajio.com.mx\/?p=58355","title":{"rendered":"EXHORTO A LA SECRETARIA DE COMUNICACIONES Y TRANSPORTES A FORTALECER LAS ACCIONES EN SEGURIDAD PARA LAS USUARIAS DE TRANSPORTE P\u00daBLICO"},"content":{"rendered":"<div>\n<p class=\"wp-block-paragraph\">PARTICULARMENTE MEDIANTE EL CUMPLIMIENTO DE LAS DISPOSICIONES VIGENTES RELATIVAS A LA OPERACI\u00d3N, DURANTE LAS HORAS PICO, DE VEH\u00cdCULOS DE USO EXCLUSIVO PARA MUJERES Y LAS NI\u00d1AS Y NI\u00d1OS QUE LAS ACOMPA\u00d1EN: DIP. JACQUELINN JAUREGUI MENDOZA<\/p>\n<p class=\"wp-block-paragraph\">Para fortalecer las acciones para garantizar condiciones de seguridad para las usuarias de transporte p\u00fablico, la Comisi\u00f3n de Movilidad, Comunicaciones y Transportes aprob\u00f3 un Punto de Acuerdo para exhortar a Secretar\u00eda de Comunicaciones y Transportes del Estado, al cumplimiento de las disposiciones vigentes en la materia.<\/p>\n<p class=\"wp-block-paragraph\">La diputada Jacquelinn Jauregui Mendoza, presidenta de esta comisi\u00f3n legislativa, se\u00f1al\u00f3 que con este Punto de Acuerdo se busca exhortar respetuosamente a la Secretar\u00eda de Comunicaciones y Transportes, a que en el \u00e1mbito de sus atribuciones contin\u00fae fortaleciendo las acciones destinadas a garantizar condiciones de seguridad para las mujeres usuarias del transporte p\u00fablico, colectivo urbano, particularmente mediante el cumplimiento de las disposiciones vigentes relativas a la operaci\u00f3n, durante las horas pico, de veh\u00edculos de uso exclusivo para mujeres y las ni\u00f1as y ni\u00f1os que las acompa\u00f1en, as\u00ed como para las personas adultas mayores.<\/p>\n<figure class=\"wp-block-image aligncenter size-full is-resized\"><img fetchpriority=\"high\" decoding=\"async\" width=\"936\" height=\"648\" src=\"https:\/\/laroja.com.mx\/wp-content\/uploads\/2026\/09\/1000137704.jpg\" alt=\"\" class=\"wp-image-555244\" style=\"aspect-ratio:1.4444507137617786;width:653px;height:auto\" srcset=\"https:\/\/laroja.com.mx\/wp-content\/uploads\/2026\/09\/1000137704.jpg 936w, https:\/\/laroja.com.mx\/wp-content\/uploads\/2026\/09\/1000137704-600x415.jpg 600w\" sizes=\"(max-width: 936px) 100vw, 936px\"\/><\/figure>\n<p class=\"wp-block-paragraph\">Adem\u00e1s, se establece que previo an\u00e1lisis de su viabilidad jur\u00eddica, t\u00e9cnica, operativa y presupuestal, valore, en coordinaci\u00f3n con las personas concesionarias del servicio de transporte p\u00fablico en la modalidad de autom\u00f3vil de alquiler, la implementaci\u00f3n de mecanismos que permitan ofrecer veh\u00edculos conducidos por personal femenino destinados preferentemente a mujeres usuarias.<\/p>\n<p class=\"wp-block-paragraph\">El Punto de Acuerdo, promovido por la diputada Sara Rocha Medina, busca mejorar las condiciones actuales para las mujeres que viajan en el transporte p\u00fablico, ya que el riesgo de sufrir el quebrantamiento de su integridad personal se incrementa principalmente en las denominadas \u201choras pico\u201d, que son aquellas de mayor afluencia de usuarios, durante el horario de entrada o salida de los centros laborales o escolares.<\/p>\n<p class=\"wp-block-paragraph\">El Punto de Acuerdo se turnar\u00e1 al pleno para su votaci\u00f3n. <\/p>\n<\/p><\/div>\n<p><\/p>\n","protected":false},"excerpt":{"rendered":"<p>PARTICULARMENTE MEDIANTE EL CUMPLIMIENTO DE LAS DISPOSICIONES VIGENTES RELATIVAS A LA OPERACI\u00d3N, DURANTE LAS HORAS PICO, DE VEH\u00cdCULOS DE USO EXCLUSIVO PARA MUJERES Y LAS NI\u00d1AS Y NI\u00d1OS QUE LAS ACOMPA\u00d1EN: DIP. JACQUELINN JAUREGUI MENDOZA Para fortalecer las acciones para garantizar condiciones de seguridad para las usuarias de transporte p\u00fablico, la Comisi\u00f3n de Movilidad, Comunicaciones [&hellip;]<\/p>\n","protected":false},"author":2,"featured_media":58356,"comment_status":"","ping_status":"","sticky":false,"template":"","format":"standard","meta":{"_monsterinsights_skip_tracking":false,"_monsterinsights_sitenote_active":false,"_monsterinsights_sitenote_note":"","_monsterinsights_sitenote_category":0,"footnotes":""},"categories":[5],"tags":[],"class_list":["post-58355","post","type-post","status-publish","format-standard","has-post-thumbnail","hentry","category-san-luis-potosi"],"_links":{"self":[{"href":"https:\/\/informebajio.com.mx\/index.php?rest_route=\/wp\/v2\/posts\/58355","targetHints":{"allow":["GET"]}}],"collection":[{"href":"https:\/\/informebajio.com.mx\/index.php?rest_route=\/wp\/v2\/posts"}],"about":[{"href":"https:\/\/informebajio.com.mx\/index.php?rest_route=\/wp\/v2\/types\/post"}],"author":[{"embeddable":true,"href":"https:\/\/informebajio.com.mx\/index.php?rest_route=\/wp\/v2\/users\/2"}],"replies":[{"embeddable":true,"href":"https:\/\/informebajio.com.mx\/index.php?rest_route=%2Fwp%2Fv2%2Fcomments&post=58355"}],"version-history":[{"count":0,"href":"https:\/\/informebajio.com.mx\/index.php?rest_route=\/wp\/v2\/posts\/58355\/revisions"}],"wp:featuredmedia":[{"embeddable":true,"href":"https:\/\/informebajio.com.mx\/index.php?rest_route=\/wp\/v2\/media\/58356"}],"wp:attachment":[{"href":"https:\/\/informebajio.com.mx\/index.php?rest_route=%2Fwp%2Fv2%2Fmedia&parent=58355"}],"wp:term":[{"taxonomy":"category","embeddable":true,"href":"https:\/\/informebajio.com.mx\/index.php?rest_route=%2Fwp%2Fv2%2Fcategories&post=58355"},{"taxonomy":"post_tag","embeddable":true,"href":"https:\/\/informebajio.com.mx\/index.php?rest_route=%2Fwp%2Fv2%2Ftags&post=58355"}],"curies":[{"name":"wp","href":"https:\/\/api.w.org\/{rel}","templated":true}]}}