{"id":58357,"date":"2026-09-04T17:47:36","date_gmt":"2026-09-04T23:47:36","guid":{"rendered":"https:\/\/informebajio.com.mx\/?p=58357"},"modified":"2026-09-04T17:47:36","modified_gmt":"2026-09-04T23:47:36","slug":"en-riesgo-zona-forestal-urbana-de-queretaro-por-tren-mex-qro","status":"publish","type":"post","link":"https:\/\/informebajio.com.mx\/?p=58357","title":{"rendered":"En riesgo, Zona forestal urbana de Quer\u00e9taro por Tren Mex-Qro"},"content":{"rendered":"<div>\n<p><span style=\"font-weight: 400;\">Por: Selene Mtz.<\/span><\/p>\n<p><span style=\"font-weight: 400;\">Noticias<\/span><\/p>\n<p>\u00a0<\/p>\n<p><span style=\"font-weight: 400;\">Activistas ambientales hablaron de la preocupaci\u00f3n y falta de claridad referente a la tala de \u00e1rboles que acordonan las v\u00edas por donde pasar\u00e1 el tren M\u00e9xico-Quer\u00e9taro, caso m\u00e1s espec\u00edfico alrededor del Parque Alcanfores, esto luego de haber presentado al gobierno federal, estatal y municipal el proyecto denominado \u201cTelar Verde\u201d, el cual consist\u00eda en cuidar los \u00e1rboles vegetaci\u00f3n end\u00e9mica durante los trabajos de la obra.<\/span><\/p>\n<p><span style=\"font-weight: 400;\">\u201cCuando se present\u00f3 el proyecto, se mencion\u00f3 diferentes caracter\u00edsticas que requer\u00edan no ser talados, para que estas redes verdes sigan su curso, sabemos que muchos \u00e1rboles, miles de \u00e1rboles han sido talados en el tren M\u00e9xico-Quer\u00e9taro, al d\u00eda de hoy no sabemos cu\u00e1ntos se han trasplantado, cu\u00e1ntos se van a compensar, pero ahora que ya est\u00e1 la zona del telar verde, que es desde Cerro Colorado hasta pasando el parque Los Alcanfores, primero me mencionan a m\u00ed que ser\u00e1n conservados, que ser\u00e1n revisados y posteriormente se menciona que no, que ser\u00e1n talados\u201d, explic\u00f3 Ricardo Gonz\u00e1lez el \u201cSheriff Verde\u201d.<\/span><\/p>\n<p><span style=\"font-weight: 400;\">Los ambientalistas se\u00f1alaron que el estado mantiene un rezago forestal de 170 mil ejemplares arb\u00f3reos. Las delegaciones F\u00e9lix Osores Sotomayor, Felipe Carrillo Puerto y Epigmenio Gonz\u00e1lez fueron identificadas como las zonas con mayor d\u00e9ficit, situaci\u00f3n que incrementa la vulnerabilidad de la poblaci\u00f3n ante las olas de calor y los efectos del cambio clim\u00e1tico.<\/span><\/p>\n<p><span style=\"font-weight: 400;\">La ambientalista Am\u00e9rica Vizca\u00edno tambi\u00e9n se\u00f1al\u00f3 que la capital cuenta con entre 4.6 y 6.21 metros cuadrados de arbolado por habitante, lo que representa un d\u00e9ficit de 70 % frente a los est\u00e1ndares m\u00ednimos sugeridos a nivel nacional e internacional. Integrantes de Guardianes Verdes y otras organizaciones aseguraron que, pese a reuniones con autoridades federales y estatales, persiste la falta de claridad sobre cu\u00e1ntos ejemplares han sido derribados y qu\u00e9 acciones se realizar\u00e1n para compensar la p\u00e9rdida de masa forestal.<\/span><\/p>\n<p><span style=\"font-weight: 400;\">\u201cCelebramos que el gobernador haya emitido una alerta clim\u00e1tica por las inundaciones que tuvimos en el 2025 pero creemos que en esa misma alerta clim\u00e1tica pudiera venir una estrategia para poder compensar todo este d\u00e9ficit que se tiene en el tema del arbolado y a su vez ser un estado l\u00edder a nivel nacional que atienda a las olas de calor a las cuales nos estamos enfrentando\u201d, coment\u00f3 la ambientalista.<\/span><\/p>\n<p><span style=\"font-weight: 400;\">Este viernes se llevar\u00e1 a cabo la ubicaci\u00f3n y registro del arbolado ubicado en el derecho de v\u00eda del municipio de Quer\u00e9taro, con el objetivo de monitorear su situaci\u00f3n y verificar que los ejemplares no sean talados.\u00a0<\/span><\/p>\n<\/div>\n<p><script>(function(d, s, id) {\n  var js, fjs = d.getElementsByTagName(s)[0];\n  if (d.getElementById(id)) return;\n  js = d.createElement(s); js.id = id;\n  js.src = \"\/\/connect.facebook.net\/es_LA\/sdk.js#xfbml=1&appId=546007945598485&version=v2.3\";\n  fjs.parentNode.insertBefore(js, fjs);\n}(document, 'script', 'facebook-jssdk'));<\/script><\/p>\n","protected":false},"excerpt":{"rendered":"<p>Por: Selene Mtz. Noticias \u00a0 Activistas ambientales hablaron de la preocupaci\u00f3n y falta de claridad referente a la tala de \u00e1rboles que acordonan las v\u00edas por donde pasar\u00e1 el tren M\u00e9xico-Quer\u00e9taro, caso m\u00e1s espec\u00edfico alrededor del Parque Alcanfores, esto luego de haber presentado al gobierno federal, estatal y municipal el proyecto denominado \u201cTelar Verde\u201d, el [&hellip;]<\/p>\n","protected":false},"author":2,"featured_media":58358,"comment_status":"","ping_status":"","sticky":false,"template":"","format":"standard","meta":{"_monsterinsights_skip_tracking":false,"_monsterinsights_sitenote_active":false,"_monsterinsights_sitenote_note":"","_monsterinsights_sitenote_category":0,"footnotes":""},"categories":[4],"tags":[],"class_list":["post-58357","post","type-post","status-publish","format-standard","has-post-thumbnail","hentry","category-queretaro"],"_links":{"self":[{"href":"https:\/\/informebajio.com.mx\/index.php?rest_route=\/wp\/v2\/posts\/58357","targetHints":{"allow":["GET"]}}],"collection":[{"href":"https:\/\/informebajio.com.mx\/index.php?rest_route=\/wp\/v2\/posts"}],"about":[{"href":"https:\/\/informebajio.com.mx\/index.php?rest_route=\/wp\/v2\/types\/post"}],"author":[{"embeddable":true,"href":"https:\/\/informebajio.com.mx\/index.php?rest_route=\/wp\/v2\/users\/2"}],"replies":[{"embeddable":true,"href":"https:\/\/informebajio.com.mx\/index.php?rest_route=%2Fwp%2Fv2%2Fcomments&post=58357"}],"version-history":[{"count":0,"href":"https:\/\/informebajio.com.mx\/index.php?rest_route=\/wp\/v2\/posts\/58357\/revisions"}],"wp:featuredmedia":[{"embeddable":true,"href":"https:\/\/informebajio.com.mx\/index.php?rest_route=\/wp\/v2\/media\/58358"}],"wp:attachment":[{"href":"https:\/\/informebajio.com.mx\/index.php?rest_route=%2Fwp%2Fv2%2Fmedia&parent=58357"}],"wp:term":[{"taxonomy":"category","embeddable":true,"href":"https:\/\/informebajio.com.mx\/index.php?rest_route=%2Fwp%2Fv2%2Fcategories&post=58357"},{"taxonomy":"post_tag","embeddable":true,"href":"https:\/\/informebajio.com.mx\/index.php?rest_route=%2Fwp%2Fv2%2Ftags&post=58357"}],"curies":[{"name":"wp","href":"https:\/\/api.w.org\/{rel}","templated":true}]}}