{"id":58363,"date":"2026-09-05T02:59:24","date_gmt":"2026-09-05T08:59:24","guid":{"rendered":"https:\/\/informebajio.com.mx\/?p=58363"},"modified":"2026-09-05T02:59:24","modified_gmt":"2026-09-05T08:59:24","slug":"integrantes-de-la-organizacion-articulo-19-se-reunen-con-integrantes-de-la-lxiv-legislatura-para-abordar-temas-sobre-el-ejercicio-del-periodismo-y-libertad-de-expresion","status":"publish","type":"post","link":"https:\/\/informebajio.com.mx\/?p=58363","title":{"rendered":"INTEGRANTES DE LA ORGANIZACI\u00d3N ART\u00cdCULO 19 SE REUNEN CON INTEGRANTES DE LA LXIV LEGISLATURA PARA ABORDAR TEMAS SOBRE EL EJERCICIO DEL PERIODISMO Y LIBERTAD DE EXPRESI\u00d3N"},"content":{"rendered":"<div>\n<p class=\"wp-block-paragraph\">EL EJERCICIO DEL PERIODISMO Y EL FORTALECIMIENTO DE LA LIBERTAD DE EXPRESI\u00d3N, TEMAS QUE DEBEN ABORDARSE DE LA MANO DE LA SOCIEDAD: DIP. H\u00c9CTOR SERRANO CORT\u00c9S<\/p>\n<p class=\"wp-block-paragraph\">A iniciativa del diputado H\u00e9ctor Serrano Cort\u00e9s, las y los integrantes de la LXIV Legislatura del Congreso del Estado se reunieron con representantes de la organizaci\u00f3n Art\u00edculo 19, donde el legislador refrend\u00f3 el compromiso de fortalecer las acciones en materia de la libertad de expresi\u00f3n y derechos fundamentales de todas y todos.<\/p>\n<p class=\"wp-block-paragraph\">En la reuni\u00f3n de trabajo, a la que asistieron representantes de las diferentes fuerzas pol\u00edticas, se plante\u00f3 la necesidad de fortalecer la libertad de expresi\u00f3n mediante est\u00e1ndares internacionales, colaboraci\u00f3n institucional y pol\u00edticas p\u00fablicas de protecci\u00f3n a la prensa, especialmente ante los retos de las plataformas digitales y la inteligencia artificial.<\/p>\n<p class=\"wp-block-paragraph\">El diputado Serrano Cort\u00e9s se\u00f1al\u00f3 que toda ley es perfectible y debe tener el acompa\u00f1amiento social, por ello desde el Poder Legislativo se impulsan encuentros con quienes est\u00e1n directamente relacionados a los temas, ya que ajustarse a las necesidades de la sociedad es una convicci\u00f3n de la Legislatura.<\/p>\n<p class=\"wp-block-paragraph\">Consider\u00f3 que \u201cla libre profesi\u00f3n del periodismo se ve transgredida cuando se hacen difusiones en medios que no tienen una identidad, donde no hay una responsabilidad social, que no act\u00faan con \u00e9tica, que, a mi juicio, es algo que debe de prevalecer, por lo que es importante determinar con claridad todos los elementos que se involucran en este tema\u201d.<\/p>\n<figure class=\"wp-block-image aligncenter size-full is-resized\"><img fetchpriority=\"high\" decoding=\"async\" width=\"936\" height=\"648\" src=\"https:\/\/laroja.com.mx\/wp-content\/uploads\/2026\/09\/1000137783.jpg\" alt=\"\" class=\"wp-image-557460\" style=\"aspect-ratio:1.4444507137617786;width:649px;height:auto\" srcset=\"https:\/\/laroja.com.mx\/wp-content\/uploads\/2026\/09\/1000137783.jpg 936w, https:\/\/laroja.com.mx\/wp-content\/uploads\/2026\/09\/1000137783-600x415.jpg 600w\" sizes=\"(max-width: 936px) 100vw, 936px\"\/><\/figure>\n<p class=\"wp-block-paragraph\">Pedro C\u00e1rdenas Casillas, oficial del programa de protecci\u00f3n y espacio c\u00edvico, destac\u00f3 la apertura del Congreso del Estado para abordar temas relevantes, \u201csabemos que la legislaci\u00f3n siempre es un reto en materia de expresi\u00f3n, el objetivo del encuentro fue meramente plantear cu\u00e1les son los est\u00e1ndares de ruta de expresi\u00f3n que se tienen que considerar en cualquier normativa que se quiera generar o modificar a futuro, y particularmente otorgar informaci\u00f3n de est\u00e1ndares constitucionales interamericanos y de Naciones Unidas\u201d.<\/p>\n<p class=\"wp-block-paragraph\">Afirm\u00f3 que \u201cArt\u00edculo 19 siempre tiene sus puertas abiertas para trabajar, lo hemos hecho con autoridades, tanto a nivel federal como a nivel estatal, y, por supuesto, el acercamiento siempre est\u00e1 disponible; este tipo de acercamientos permiten construir una pol\u00edtica p\u00fablica institucional de protecci\u00f3n a la prensa\u201d.<\/p>\n<p class=\"wp-block-paragraph\">Por su parte, Marco Clavel Alessio Robles, coordinador legal del programa ecosistema informativo y tecnolog\u00eda, habl\u00f3 sobre los retos que implica la regulaci\u00f3n de la inteligencia artificial y el uso de las plataformas y expuso que corresponde exigir condiciones de transparencia en el propio marco del T-Mec que corresponde al gobierno federal.<\/p>\n<p class=\"wp-block-paragraph\">\u201cEn materia de periodismo, tambi\u00e9n representa un reto en el sentido de que, as\u00ed como hay nuevos medios para el ejercicio y acceso a la informaci\u00f3n, tambi\u00e9n hay distintos mecanismos que pueden presentar censura indirecta u otros tipos de censura, y eso, a su vez, presenta un desaf\u00edo en s\u00ed mismo que debe estarse cuestionando y tener en el ojo p\u00fablico, tanto por parte del gobierno como de la sociedad civil\u201d, a\u00f1adi\u00f3.<\/p>\n<p class=\"wp-block-paragraph\">Manifest\u00f3 que existe una tendencia para que no crezca un discurso que sea adverso para la libertad de expresi\u00f3n, \u201clo que se va a perseguir es espec\u00edficamente que se robustezcan o se fortalezcan v\u00edas institucionales civiles para poder ponderar derechos de una forma m\u00e1s adecuada, sin que sea a expensas de la libertad de expresi\u00f3n\u201d.<\/p>\n<figure class=\"wp-block-image aligncenter size-full is-resized\"><img loading=\"lazy\" decoding=\"async\" width=\"936\" height=\"648\" src=\"https:\/\/laroja.com.mx\/wp-content\/uploads\/2026\/09\/1000137784.jpg\" alt=\"\" class=\"wp-image-557461 lazyload\" style=\"--smush-placeholder-width: 936px; --smush-placeholder-aspect-ratio: 936\/648;aspect-ratio:1.4444507137617786;width:648px;height:auto\" srcset=\"https:\/\/laroja.com.mx\/wp-content\/uploads\/2026\/09\/1000137784.jpg 936w, https:\/\/laroja.com.mx\/wp-content\/uploads\/2026\/09\/1000137784-600x415.jpg 600w\" data-sizes=\"(max-width: 936px) 100vw, 936px\" bad-src=\"data:image\/svg+xml;base64,PHN2ZyB3aWR0aD0iMSIgaGVpZ2h0PSIxIiB4bWxucz0iaHR0cDovL3d3dy53My5vcmcvMjAwMC9zdmciPjwvc3ZnPg==\"\/><\/figure>\n<\/p><\/div>\n<p><\/p>\n","protected":false},"excerpt":{"rendered":"<p>EL EJERCICIO DEL PERIODISMO Y EL FORTALECIMIENTO DE LA LIBERTAD DE EXPRESI\u00d3N, TEMAS QUE DEBEN ABORDARSE DE LA MANO DE LA SOCIEDAD: DIP. H\u00c9CTOR SERRANO CORT\u00c9S A iniciativa del diputado H\u00e9ctor Serrano Cort\u00e9s, las y los integrantes de la LXIV Legislatura del Congreso del Estado se reunieron con representantes de la organizaci\u00f3n Art\u00edculo 19, donde [&hellip;]<\/p>\n","protected":false},"author":2,"featured_media":58364,"comment_status":"","ping_status":"","sticky":false,"template":"","format":"standard","meta":{"_monsterinsights_skip_tracking":false,"_monsterinsights_sitenote_active":false,"_monsterinsights_sitenote_note":"","_monsterinsights_sitenote_category":0,"footnotes":""},"categories":[5],"tags":[],"class_list":["post-58363","post","type-post","status-publish","format-standard","has-post-thumbnail","hentry","category-san-luis-potosi"],"_links":{"self":[{"href":"https:\/\/informebajio.com.mx\/index.php?rest_route=\/wp\/v2\/posts\/58363","targetHints":{"allow":["GET"]}}],"collection":[{"href":"https:\/\/informebajio.com.mx\/index.php?rest_route=\/wp\/v2\/posts"}],"about":[{"href":"https:\/\/informebajio.com.mx\/index.php?rest_route=\/wp\/v2\/types\/post"}],"author":[{"embeddable":true,"href":"https:\/\/informebajio.com.mx\/index.php?rest_route=\/wp\/v2\/users\/2"}],"replies":[{"embeddable":true,"href":"https:\/\/informebajio.com.mx\/index.php?rest_route=%2Fwp%2Fv2%2Fcomments&post=58363"}],"version-history":[{"count":0,"href":"https:\/\/informebajio.com.mx\/index.php?rest_route=\/wp\/v2\/posts\/58363\/revisions"}],"wp:featuredmedia":[{"embeddable":true,"href":"https:\/\/informebajio.com.mx\/index.php?rest_route=\/wp\/v2\/media\/58364"}],"wp:attachment":[{"href":"https:\/\/informebajio.com.mx\/index.php?rest_route=%2Fwp%2Fv2%2Fmedia&parent=58363"}],"wp:term":[{"taxonomy":"category","embeddable":true,"href":"https:\/\/informebajio.com.mx\/index.php?rest_route=%2Fwp%2Fv2%2Fcategories&post=58363"},{"taxonomy":"post_tag","embeddable":true,"href":"https:\/\/informebajio.com.mx\/index.php?rest_route=%2Fwp%2Fv2%2Ftags&post=58363"}],"curies":[{"name":"wp","href":"https:\/\/api.w.org\/{rel}","templated":true}]}}