{"id":58373,"date":"2026-09-05T13:50:43","date_gmt":"2026-09-05T19:50:43","guid":{"rendered":"https:\/\/informebajio.com.mx\/?p=58373"},"modified":"2026-09-05T13:50:43","modified_gmt":"2026-09-05T19:50:43","slug":"inicia-operaciones-el-mando-especial-cero-robos-de-autotransporte-de-gn","status":"publish","type":"post","link":"https:\/\/informebajio.com.mx\/?p=58373","title":{"rendered":"Inicia operaciones el Mando Especial Cero Robos de Autotransporte de GN"},"content":{"rendered":"<div>\n<p><span style=\"font-weight: 400;\">Patricia L\u00f3pez N\u00fa\u00f1ez<\/span><\/p>\n<p><span style=\"font-weight: 400;\">Noticias\u00a0<\/span><\/p>\n<p>\u00a0<\/p>\n<p><span style=\"font-weight: 400;\">Quer\u00e9taro cuenta con un nuevo Mando Especial Cero Robos de Autotransporte de la Guardia Nacional que atender\u00e1 al territorio de Quer\u00e9taro y Guanajuato, anunci\u00f3 el general brigadier Iv\u00e1n Navarrete Torres, quien se encuentra a cargo de esta unidad que se puso en operaci\u00f3n el 1 de septiembre.<\/span><\/p>\n<p><span style=\"font-weight: 400;\">A trav\u00e9s de este espacio se coordinar\u00e1n los trabajos entre los diferentes niveles de gobierno para evitar el robo de mercanc\u00edas en unidades de transporte en las carreteras federales que cruzan ambos estados. La Guardia Nacional realizar\u00e1 recorridos de prevenci\u00f3n as\u00ed como la atenci\u00f3n de los casos de ayuda que se requiera por parte del transporte de carga.\u00a0<\/span><\/p>\n<p><span style=\"font-weight: 400;\">Iv\u00e1n Navarrete resalt\u00f3 que hay un gran flujo de este tipo de transporte en esta zona, porque ambos estados forman parte de una regi\u00f3n importante para el desarrollo industrial, por lo que se blindar\u00e1n las v\u00edas federales para proteger el flujo de las mercanc\u00edas y la integridad de las personas.\u00a0<\/span><\/p>\n<p><span style=\"font-weight: 400;\">La prioridad del protocolo es salvaguardar la vida de los conductores, as\u00ed como asegurar el patrimonio y los cargamentos. Esto permitir\u00e1 que ante la alerta de una unidad robada o sospechosa, se active un despliegue inmediato con todas las corporaciones para su localizaci\u00f3n y recuperaci\u00f3n, para orientar despu\u00e9s a las personas afectadas a interponer la denuncia correspondiente.\u00a0<\/span><\/p>\n<p><span style=\"font-weight: 400;\">\u201cSon diferentes actividades propias de la Guardia Nacional dentro de sus atribuciones que consisten en recorridos, prevenci\u00f3n del delito y atender cualquier incidente relacionado con el robo del autotransporte y particulares. Debemos salvaguardar este polo de desarrollo, tenemos que asegurar que las carreteras federales, en todo el estado de Quer\u00e9taro y de Guanajuato, est\u00e9n seguras\u201d, afirm\u00f3.<\/span><\/p>\n<p><span style=\"font-weight: 400;\">El comandante afirm\u00f3 que aunque la incidencia de robos a transporte en la zona se mantiene en niveles bajos y lo que prevalece son los hechos de tr\u00e1nsito, se tom\u00f3 la decisi\u00f3n de proteger este polo log\u00edstico y econ\u00f3mico, para lo que se requiere un enlace y di\u00e1logo con asociaciones de transportistas.\u00a0<\/span><\/p>\n<p><span style=\"font-weight: 400;\">\u201cAqu\u00ed en Quer\u00e9taro y en Guanajuato principalmente la incidencia est\u00e1 relacionada con hechos de tr\u00e1nsito. Realmente el robo aqu\u00ed es muy bajo, no tendr\u00eda un dato preciso y no quisiera mal informar\u201d, agreg\u00f3.\u00a0<\/span><\/p>\n<p><span style=\"font-weight: 400;\">En estos trabajos de vigilancia y atenci\u00f3n a las carreteras federales se contar\u00e1 con la participaci\u00f3n de elementos de la Guardia Nacional y el Ej\u00e9rcito Mexicano, as\u00ed como de otras dependencias.\u00a0<\/span><\/p>\n<\/div>\n<p><script>(function(d, s, id) {\n  var js, fjs = d.getElementsByTagName(s)[0];\n  if (d.getElementById(id)) return;\n  js = d.createElement(s); js.id = id;\n  js.src = \"\/\/connect.facebook.net\/es_LA\/sdk.js#xfbml=1&appId=546007945598485&version=v2.3\";\n  fjs.parentNode.insertBefore(js, fjs);\n}(document, 'script', 'facebook-jssdk'));<\/script><\/p>\n","protected":false},"excerpt":{"rendered":"<p>Patricia L\u00f3pez N\u00fa\u00f1ez Noticias\u00a0 \u00a0 Quer\u00e9taro cuenta con un nuevo Mando Especial Cero Robos de Autotransporte de la Guardia Nacional que atender\u00e1 al territorio de Quer\u00e9taro y Guanajuato, anunci\u00f3 el general brigadier Iv\u00e1n Navarrete Torres, quien se encuentra a cargo de esta unidad que se puso en operaci\u00f3n el 1 de septiembre. A trav\u00e9s de [&hellip;]<\/p>\n","protected":false},"author":2,"featured_media":58374,"comment_status":"","ping_status":"","sticky":false,"template":"","format":"standard","meta":{"_monsterinsights_skip_tracking":false,"_monsterinsights_sitenote_active":false,"_monsterinsights_sitenote_note":"","_monsterinsights_sitenote_category":0,"footnotes":""},"categories":[4],"tags":[],"class_list":["post-58373","post","type-post","status-publish","format-standard","has-post-thumbnail","hentry","category-queretaro"],"_links":{"self":[{"href":"https:\/\/informebajio.com.mx\/index.php?rest_route=\/wp\/v2\/posts\/58373","targetHints":{"allow":["GET"]}}],"collection":[{"href":"https:\/\/informebajio.com.mx\/index.php?rest_route=\/wp\/v2\/posts"}],"about":[{"href":"https:\/\/informebajio.com.mx\/index.php?rest_route=\/wp\/v2\/types\/post"}],"author":[{"embeddable":true,"href":"https:\/\/informebajio.com.mx\/index.php?rest_route=\/wp\/v2\/users\/2"}],"replies":[{"embeddable":true,"href":"https:\/\/informebajio.com.mx\/index.php?rest_route=%2Fwp%2Fv2%2Fcomments&post=58373"}],"version-history":[{"count":0,"href":"https:\/\/informebajio.com.mx\/index.php?rest_route=\/wp\/v2\/posts\/58373\/revisions"}],"wp:featuredmedia":[{"embeddable":true,"href":"https:\/\/informebajio.com.mx\/index.php?rest_route=\/wp\/v2\/media\/58374"}],"wp:attachment":[{"href":"https:\/\/informebajio.com.mx\/index.php?rest_route=%2Fwp%2Fv2%2Fmedia&parent=58373"}],"wp:term":[{"taxonomy":"category","embeddable":true,"href":"https:\/\/informebajio.com.mx\/index.php?rest_route=%2Fwp%2Fv2%2Fcategories&post=58373"},{"taxonomy":"post_tag","embeddable":true,"href":"https:\/\/informebajio.com.mx\/index.php?rest_route=%2Fwp%2Fv2%2Ftags&post=58373"}],"curies":[{"name":"wp","href":"https:\/\/api.w.org\/{rel}","templated":true}]}}