{"id":58377,"date":"2026-09-05T18:50:58","date_gmt":"2026-09-06T00:50:58","guid":{"rendered":"https:\/\/informebajio.com.mx\/?p=58377"},"modified":"2026-09-05T18:50:58","modified_gmt":"2026-09-06T00:50:58","slug":"mantiene-chepe-guerrero-aspiracion-a-gubernatura","status":"publish","type":"post","link":"https:\/\/informebajio.com.mx\/?p=58377","title":{"rendered":"Mantiene Chepe Guerrero aspiraci\u00f3n a gubernatura"},"content":{"rendered":"<div>\n<h2><span style=\"font-weight: 400;\">\u200bAunque no descart\u00f3 su reelecci\u00f3n, se\u00f1al\u00f3 que su principal inter\u00e9s es abanderar la candidatura a gobernador del PAN respaldado por sus a\u00f1os de militancia<\/span><\/h2>\n<p><span style=\"font-weight: 400;\">Por Jahaira Lara<\/span><\/p>\n<p><span style=\"font-weight: 400;\">Noticias<\/span><\/p>\n<p>\u00a0<\/p>\n<p><span style=\"font-weight: 400;\">\u200bEl presidente municipal de Corregidora, Josu\u00e9 Guerrero Tr\u00e1pala, asegur\u00f3 que mantiene firmes sus aspiraciones pol\u00edticas rumbo al proceso electoral del 2027, al manifestar su inter\u00e9s en encabezar la candidatura del Partido Acci\u00f3n Nacional (PAN) a la gubernatura de Quer\u00e9taro.<\/span><\/p>\n<p><span style=\"font-weight: 400;\">\u200bAunque no descart\u00f3 que pudiera considerar reelegirse como presidente municipal de la demarcaci\u00f3n metropolitana para dar continuidad a las acciones impulsadas durante su administraci\u00f3n y ejercer su derecho, reiter\u00f3 que mantiene su mano levantada para competir por la candidatura para gobernador.<\/span><\/p>\n<p><span style=\"font-weight: 400;\">\u200b\u201dNo descarto la reelecci\u00f3n, primero porque tengo derecho todav\u00eda a hacerlo, todav\u00eda tengo oportunidad en el 2027 y no lo descarto porque estoy contento con lo que hemos hecho aqu\u00ed, amo profundamente esta tierra que me recibi\u00f3 a m\u00ed y a mi familia. Pero tambi\u00e9n lo digo con toda claridad, mantengo la mano levantada y mi intenci\u00f3n por competir por la candidatura de mi partido\u201d, refiri\u00f3.<\/span><\/p>\n<p><span style=\"font-weight: 400;\">\u200bGuerrero Tr\u00e1pala asegur\u00f3 que cuenta con los derechos pol\u00edticos necesarios para aspirar al cargo estatal en el mediano plazo, decisi\u00f3n que se respalda en sus a\u00f1os de militancia y trayectoria dentro de su fuerza pol\u00edtica.<\/span><\/p>\n<p><span style=\"font-weight: 400;\">\u200bNo obstante, el funcionario aclar\u00f3 que actualmente se encuentra concentrado en el ejercicio de sus funciones al frente de su municipio, donde prioriza la entrega de resultados y el desarrollo continuo de la demarcaci\u00f3n.<\/span><\/p>\n<p><span style=\"font-weight: 400;\">\u200bFinalmente, destac\u00f3 que la definici\u00f3n final de las candidaturas internas valorar\u00e1 institucionalmente la opini\u00f3n y el liderazgo del actual gobernador del estado, a quien reconoci\u00f3 como el principal referente del panismo local debido a los resultados de su administraci\u00f3n.<\/span><\/p>\n<\/div>\n<p><script>(function(d, s, id) {\n  var js, fjs = d.getElementsByTagName(s)[0];\n  if (d.getElementById(id)) return;\n  js = d.createElement(s); js.id = id;\n  js.src = \"\/\/connect.facebook.net\/es_LA\/sdk.js#xfbml=1&appId=546007945598485&version=v2.3\";\n  fjs.parentNode.insertBefore(js, fjs);\n}(document, 'script', 'facebook-jssdk'));<\/script><\/p>\n","protected":false},"excerpt":{"rendered":"<p>\u200bAunque no descart\u00f3 su reelecci\u00f3n, se\u00f1al\u00f3 que su principal inter\u00e9s es abanderar la candidatura a gobernador del PAN respaldado por sus a\u00f1os de militancia Por Jahaira Lara Noticias \u00a0 \u200bEl presidente municipal de Corregidora, Josu\u00e9 Guerrero Tr\u00e1pala, asegur\u00f3 que mantiene firmes sus aspiraciones pol\u00edticas rumbo al proceso electoral del 2027, al manifestar su inter\u00e9s en [&hellip;]<\/p>\n","protected":false},"author":2,"featured_media":58378,"comment_status":"","ping_status":"","sticky":false,"template":"","format":"standard","meta":{"_monsterinsights_skip_tracking":false,"_monsterinsights_sitenote_active":false,"_monsterinsights_sitenote_note":"","_monsterinsights_sitenote_category":0,"footnotes":""},"categories":[4],"tags":[],"class_list":["post-58377","post","type-post","status-publish","format-standard","has-post-thumbnail","hentry","category-queretaro"],"_links":{"self":[{"href":"https:\/\/informebajio.com.mx\/index.php?rest_route=\/wp\/v2\/posts\/58377","targetHints":{"allow":["GET"]}}],"collection":[{"href":"https:\/\/informebajio.com.mx\/index.php?rest_route=\/wp\/v2\/posts"}],"about":[{"href":"https:\/\/informebajio.com.mx\/index.php?rest_route=\/wp\/v2\/types\/post"}],"author":[{"embeddable":true,"href":"https:\/\/informebajio.com.mx\/index.php?rest_route=\/wp\/v2\/users\/2"}],"replies":[{"embeddable":true,"href":"https:\/\/informebajio.com.mx\/index.php?rest_route=%2Fwp%2Fv2%2Fcomments&post=58377"}],"version-history":[{"count":0,"href":"https:\/\/informebajio.com.mx\/index.php?rest_route=\/wp\/v2\/posts\/58377\/revisions"}],"wp:featuredmedia":[{"embeddable":true,"href":"https:\/\/informebajio.com.mx\/index.php?rest_route=\/wp\/v2\/media\/58378"}],"wp:attachment":[{"href":"https:\/\/informebajio.com.mx\/index.php?rest_route=%2Fwp%2Fv2%2Fmedia&parent=58377"}],"wp:term":[{"taxonomy":"category","embeddable":true,"href":"https:\/\/informebajio.com.mx\/index.php?rest_route=%2Fwp%2Fv2%2Fcategories&post=58377"},{"taxonomy":"post_tag","embeddable":true,"href":"https:\/\/informebajio.com.mx\/index.php?rest_route=%2Fwp%2Fv2%2Ftags&post=58377"}],"curies":[{"name":"wp","href":"https:\/\/api.w.org\/{rel}","templated":true}]}}