{"id":58381,"date":"2026-09-05T23:53:01","date_gmt":"2026-09-06T05:53:01","guid":{"rendered":"https:\/\/informebajio.com.mx\/?p=58381"},"modified":"2026-09-05T23:53:01","modified_gmt":"2026-09-06T05:53:01","slug":"busca-telar-verde-rescatar-arboles-de-100-anos","status":"publish","type":"post","link":"https:\/\/informebajio.com.mx\/?p=58381","title":{"rendered":"Busca Telar Verde rescatar \u00e1rboles de 100 a\u00f1os"},"content":{"rendered":"<div>\n<p><span style=\"font-weight: 400;\">Por: Selene Mtz.<\/span><\/p>\n<p><span style=\"font-weight: 400;\">Noticias<\/span><\/p>\n<p>\u00a0<\/p>\n<p><span style=\"font-weight: 400;\">El proyecto ciudadano Telar Verde fue puesto en marcha este viernes, vecinos de las colonias cercanas a la construcci\u00f3n del tren M\u00e9xico-Quer\u00e9taro iniciaron el marcaje de los \u00e1rboles de toda la zona, con la intenci\u00f3n de tener un registro del arbolado y evitar que sean talados, como ocurri\u00f3 en d\u00edas pasados con un fresno de ochenta a\u00f1os.<\/span><\/p>\n<p><span style=\"font-weight: 400;\">\u201cNo hemos visto un documento de manifestaci\u00f3n de impacto ambiental, lo cual no nos da certeza, ni claridad, entonces nos da preocupaci\u00f3n que empiecen a talar como lo hicieron con el fresno a las 10 de la noche y el otro \u00e1rbol donde los vecinos salieron eran las 12:40 de la madrugada, entonces qu\u00e9 pasa si ma\u00f1ana empiezan a talar \u00e1rboles en la madrugada\u201d, explic\u00f3 el presidente de la Asociaci\u00f3n Sheriff Verde y presidente de la Red Ambiental de los Guardianes Verdes, Ricardo Gonz\u00e1lez.<\/span><\/p>\n<p><span style=\"font-weight: 400;\">Residentes de estas colonias, as\u00ed como los colectivos ambientalistas, se organizaron e hicieron un recorrido a pie desde la calle de H\u00e9roes de Nacozari hasta el Parque Alcanfores para de manera manual ir colocando listones con n\u00famero a cada uno de los \u00e1rboles que pudieran estar en peligro de tala por la obra del tren.<\/span><\/p>\n<p><span style=\"font-weight: 400;\">Posteriormente, se tom\u00f3 fotograf\u00eda de cada uno de estos ejemplares, se asign\u00f3 un n\u00famero, se identific\u00f3 la especie, se tom\u00f3 fotograf\u00eda y se envi\u00f3 la ubicaci\u00f3n a trav\u00e9s de un grupo de whatsapp para tener el soporte de los \u00e1rboles identificados. Ricardo Gonz\u00e1lez coment\u00f3 que en promedio, los \u00e1rboles de estas zonas tienen una edad de 100 a\u00f1os, y aunque no tienen un conteo exacto, la idea es dejar un mapeo para evitar la tala.<\/span><\/p>\n<p><span style=\"font-weight: 400;\">Por otro lado mencion\u00f3 que las autoridades municipales y estatales han mencionado la trasplantaci\u00f3n de \u00e1rboles; sin embargo, especific\u00f3 que existe una norma que indica que la compensaci\u00f3n por la tala corresponde a 10 \u00e1rboles por cada ejemplar peque\u00f1o y a 20 por cada \u00e1rbol grande, y la Secretar\u00eda de Medio Ambiente y Recursos Naturales (SEMARNAT) indic\u00f3 que ser\u00edan 30 mil \u00e1rboles trasplantados pero desconocen los detalles y si s\u00ed se est\u00e1 llevando a cabo.<\/span><\/p>\n<p><span style=\"font-weight: 400;\">\u201cNo sabemos c\u00f3mo van a compensar los \u00e1rboles, no sabemos cu\u00e1ntos trasplantes de \u00e1rboles ha habido, porque sabemos que en otros estados, han trasplantado \u00e1rboles grandes, aqu\u00ed no hemos visto nada de eso, solo las talas, hay presencia de vecinos que han estado trabajando por el cuidado de los \u00e1rboles y que evitaron la tala de otro \u00e1rbol\u201d, concluy\u00f3.<\/span><\/p>\n<\/div>\n<p><script>(function(d, s, id) {\n  var js, fjs = d.getElementsByTagName(s)[0];\n  if (d.getElementById(id)) return;\n  js = d.createElement(s); js.id = id;\n  js.src = \"\/\/connect.facebook.net\/es_LA\/sdk.js#xfbml=1&appId=546007945598485&version=v2.3\";\n  fjs.parentNode.insertBefore(js, fjs);\n}(document, 'script', 'facebook-jssdk'));<\/script><\/p>\n","protected":false},"excerpt":{"rendered":"<p>Por: Selene Mtz. Noticias \u00a0 El proyecto ciudadano Telar Verde fue puesto en marcha este viernes, vecinos de las colonias cercanas a la construcci\u00f3n del tren M\u00e9xico-Quer\u00e9taro iniciaron el marcaje de los \u00e1rboles de toda la zona, con la intenci\u00f3n de tener un registro del arbolado y evitar que sean talados, como ocurri\u00f3 en d\u00edas [&hellip;]<\/p>\n","protected":false},"author":2,"featured_media":58382,"comment_status":"","ping_status":"","sticky":false,"template":"","format":"standard","meta":{"_monsterinsights_skip_tracking":false,"_monsterinsights_sitenote_active":false,"_monsterinsights_sitenote_note":"","_monsterinsights_sitenote_category":0,"footnotes":""},"categories":[4],"tags":[],"class_list":["post-58381","post","type-post","status-publish","format-standard","has-post-thumbnail","hentry","category-queretaro"],"_links":{"self":[{"href":"https:\/\/informebajio.com.mx\/index.php?rest_route=\/wp\/v2\/posts\/58381","targetHints":{"allow":["GET"]}}],"collection":[{"href":"https:\/\/informebajio.com.mx\/index.php?rest_route=\/wp\/v2\/posts"}],"about":[{"href":"https:\/\/informebajio.com.mx\/index.php?rest_route=\/wp\/v2\/types\/post"}],"author":[{"embeddable":true,"href":"https:\/\/informebajio.com.mx\/index.php?rest_route=\/wp\/v2\/users\/2"}],"replies":[{"embeddable":true,"href":"https:\/\/informebajio.com.mx\/index.php?rest_route=%2Fwp%2Fv2%2Fcomments&post=58381"}],"version-history":[{"count":0,"href":"https:\/\/informebajio.com.mx\/index.php?rest_route=\/wp\/v2\/posts\/58381\/revisions"}],"wp:featuredmedia":[{"embeddable":true,"href":"https:\/\/informebajio.com.mx\/index.php?rest_route=\/wp\/v2\/media\/58382"}],"wp:attachment":[{"href":"https:\/\/informebajio.com.mx\/index.php?rest_route=%2Fwp%2Fv2%2Fmedia&parent=58381"}],"wp:term":[{"taxonomy":"category","embeddable":true,"href":"https:\/\/informebajio.com.mx\/index.php?rest_route=%2Fwp%2Fv2%2Fcategories&post=58381"},{"taxonomy":"post_tag","embeddable":true,"href":"https:\/\/informebajio.com.mx\/index.php?rest_route=%2Fwp%2Fv2%2Ftags&post=58381"}],"curies":[{"name":"wp","href":"https:\/\/api.w.org\/{rel}","templated":true}]}}