{"id":58387,"date":"2026-09-06T14:55:48","date_gmt":"2026-09-06T20:55:48","guid":{"rendered":"https:\/\/informebajio.com.mx\/?p=58387"},"modified":"2026-09-06T14:55:48","modified_gmt":"2026-09-06T20:55:48","slug":"convocan-al-premio-mujer-lider-corporativa-2026-postulaciones-del-4-al-25-de-septiembre","status":"publish","type":"post","link":"https:\/\/informebajio.com.mx\/?p=58387","title":{"rendered":"Convocan al Premio Mujer L\u00edder Corporativa 2026; postulaciones, del 4 al 25 de septiembre"},"content":{"rendered":"<div>\n<p><span style=\"font-weight: 400;\">Patricia L\u00f3pez N\u00fa\u00f1ez<\/span><\/p>\n<p><span style=\"font-weight: 400;\">Noticias\u00a0<\/span><\/p>\n<p>\u00a0<\/p>\n<p><span style=\"font-weight: 400;\">El Consejo Coordinador de Mujeres Empresarias, cap\u00edtulo Quer\u00e9taro y la Secretar\u00eda del Trabajo del estado anunciaron el Premio Mujer L\u00edder Corporativa 2026 \u201cThe Fifteen\u201d, que reconocer\u00e1 a 15 mujeres que inspiran con su liderazgo y trayectoria profesional, en lo que se espera que se convierta en un ejercicio anual en favor del desarrollo social.\u00a0<\/span><\/p>\n<p><span style=\"font-weight: 400;\">Durante la presentaci\u00f3n de la convocatoria, la secretaria del Trabajo del estado, Liliana San Mart\u00edn Castillo, subray\u00f3 que hay muchas historias de mujeres empresarias que tienen \u00e9xito y es necesario ponerles rostro, porque ocupar un lugar en el sector laboral genera un impacto positivo. A su vez, Vanesa Vera Castillo, presidenta del Consejo subray\u00f3 que este ser\u00e1 un reconocimiento sobre lo que cuesta llegar a esas posiciones y ganar espacios.\u00a0<\/span><\/p>\n<p><span style=\"font-weight: 400;\">Vera Castillo enfatiz\u00f3 que las mujeres deben poner un esfuerzo mayor para acceder a espacios de decisi\u00f3n, en medio de condiciones de desigualdad que identific\u00f3 el Instituto Mexicano para la Competitividad en todo el pa\u00eds.\u00a0<\/span><\/p>\n<p><span style=\"font-weight: 400;\">\u201cPor cada 100 pesos que percibe un hombre, las mujeres recibimos 86 pesos. Tenemos 76 por ciento de trabajo no remunerado y en informalidad. En las encuestas de tiempo las mujeres dedicamos 39.7 horas en trabajos de cuidados no remunerados, en contraste con las 18.2 horas que aportan los hombres\u201d, agreg\u00f3 Vanesa Vera.<\/span><\/p>\n<p><span style=\"font-weight: 400;\">Al respecto, Mariana D\u00edaz Flores, enlace nacional del Consejo Coordinador de Mujeres Empresarias, detall\u00f3 que las mujeres pueden autopostularse y se espera repetir la convocatoria cada a\u00f1o, con el fin de crear una comunidad de impulso a la comunidad queretana.\u00a0<\/span><\/p>\n<p><span style=\"font-weight: 400;\">Entre las etapas importantes del proceso se destac\u00f3 que del 4 al 25 de septiembre se recibir\u00e1n las candidaturas y autopostulaciones, el 16 de octubre se llevar\u00e1 a cabo el encuentro de networking y el anuncio oficial de las 15 galardonadas y el 22 de octubre la ceremonia p\u00fablica de premiaci\u00f3n.\u00a0<\/span><\/p>\n<p><span style=\"font-weight: 400;\">Asimismo, Beatriz de la Rosa, gerente de identidad corporativa en una empresa internacional, llam\u00f3 a las profesionales a postularse y destac\u00f3 la importancia de la congruencia y la preparaci\u00f3n continua para sostener posiciones estrat\u00e9gicas dentro de las empresas.\u00a0<\/span><\/p>\n<\/div>\n<p><script>(function(d, s, id) {\n  var js, fjs = d.getElementsByTagName(s)[0];\n  if (d.getElementById(id)) return;\n  js = d.createElement(s); js.id = id;\n  js.src = \"\/\/connect.facebook.net\/es_LA\/sdk.js#xfbml=1&appId=546007945598485&version=v2.3\";\n  fjs.parentNode.insertBefore(js, fjs);\n}(document, 'script', 'facebook-jssdk'));<\/script><\/p>\n","protected":false},"excerpt":{"rendered":"<p>Patricia L\u00f3pez N\u00fa\u00f1ez Noticias\u00a0 \u00a0 El Consejo Coordinador de Mujeres Empresarias, cap\u00edtulo Quer\u00e9taro y la Secretar\u00eda del Trabajo del estado anunciaron el Premio Mujer L\u00edder Corporativa 2026 \u201cThe Fifteen\u201d, que reconocer\u00e1 a 15 mujeres que inspiran con su liderazgo y trayectoria profesional, en lo que se espera que se convierta en un ejercicio anual en [&hellip;]<\/p>\n","protected":false},"author":2,"featured_media":58388,"comment_status":"","ping_status":"","sticky":false,"template":"","format":"standard","meta":{"_monsterinsights_skip_tracking":false,"_monsterinsights_sitenote_active":false,"_monsterinsights_sitenote_note":"","_monsterinsights_sitenote_category":0,"footnotes":""},"categories":[4],"tags":[],"class_list":["post-58387","post","type-post","status-publish","format-standard","has-post-thumbnail","hentry","category-queretaro"],"_links":{"self":[{"href":"https:\/\/informebajio.com.mx\/index.php?rest_route=\/wp\/v2\/posts\/58387","targetHints":{"allow":["GET"]}}],"collection":[{"href":"https:\/\/informebajio.com.mx\/index.php?rest_route=\/wp\/v2\/posts"}],"about":[{"href":"https:\/\/informebajio.com.mx\/index.php?rest_route=\/wp\/v2\/types\/post"}],"author":[{"embeddable":true,"href":"https:\/\/informebajio.com.mx\/index.php?rest_route=\/wp\/v2\/users\/2"}],"replies":[{"embeddable":true,"href":"https:\/\/informebajio.com.mx\/index.php?rest_route=%2Fwp%2Fv2%2Fcomments&post=58387"}],"version-history":[{"count":0,"href":"https:\/\/informebajio.com.mx\/index.php?rest_route=\/wp\/v2\/posts\/58387\/revisions"}],"wp:featuredmedia":[{"embeddable":true,"href":"https:\/\/informebajio.com.mx\/index.php?rest_route=\/wp\/v2\/media\/58388"}],"wp:attachment":[{"href":"https:\/\/informebajio.com.mx\/index.php?rest_route=%2Fwp%2Fv2%2Fmedia&parent=58387"}],"wp:term":[{"taxonomy":"category","embeddable":true,"href":"https:\/\/informebajio.com.mx\/index.php?rest_route=%2Fwp%2Fv2%2Fcategories&post=58387"},{"taxonomy":"post_tag","embeddable":true,"href":"https:\/\/informebajio.com.mx\/index.php?rest_route=%2Fwp%2Fv2%2Ftags&post=58387"}],"curies":[{"name":"wp","href":"https:\/\/api.w.org\/{rel}","templated":true}]}}