{"id":7531,"date":"2023-04-10T15:13:54","date_gmt":"2023-04-10T20:13:54","guid":{"rendered":"https:\/\/informebajio.com.mx\/?p=7531"},"modified":"2023-04-10T15:13:54","modified_gmt":"2023-04-10T20:13:54","slug":"entre-balaceras-y-jaripeos-asi-es-vivir-cerca-de-la-plaza-monumental-de-morelia","status":"publish","type":"post","link":"https:\/\/informebajio.com.mx\/?p=7531","title":{"rendered":"Entre balaceras y jaripeos, as\u00ed es vivir cerca de la plaza monumental de Morelia"},"content":{"rendered":"<div id=\"content-body-5851641-9880110\">\n<p>Morelia, Michoac\u00e1n (OEM-Infomex).- <b>Balaceras y peleas<\/b> se han convertido en asuntos cotidianos para vecinos de la colonia Nueva Valladolid, quienes tienen vecindad ni m\u00e1s ni menos que con la<b> plaza Monumental de Toros.<\/b><\/p>\n<p>Los vecinos manifiestan que viven con el temor y la angustia de que un d\u00eda puedan ser ellos quienes reciban alg\u00fan<b> &#8220;balazo&#8221; <\/b>o sean blanco de alg\u00fan enfrentamiento al momento de llegar a sus hogares, por lo que han exhortado tanto a las <b>autoridades municipales <\/b>como estatales ha generar protocolos de atenci\u00f3n para atender este tipo de problemas que son &#8220;casi de cada fin de semana&#8221;.<\/p>\n<p>La se\u00f1ora Jimena Gonz\u00e1lez, expresa que el problema radica principalmente cuando ponen esas eventos de<b> &#8220;corridos&#8221; y &#8220;jaripeos&#8221;, <\/b>en d\u00f3nde gente mala se re\u00fane para disfrutar de esa clase de m\u00fasica, por lo que consider\u00f3 que este tipo de espect\u00e1culos deber\u00edan ser enviados a espacios que se encuentren a las salidas de la ciudad.<\/p>\n<p>&#8220;Ya no podemos estar tranquilos, mi esposo y yo, nos da miedo que se hagan eventos, porque cuando bien nos va s\u00f3lo nos dejan basura aqu\u00ed afuera de la ciudad, pero cuando se pone muy fea la cosa, nos tocan balaceras; siempre hemos estado dentro de nuestro hogar cuando han pasado, pero eso no quita que un d\u00eda nos pueda pasar algo&#8221;, agreg\u00f3.<\/p>\n<p>Y es que el pasado mes de noviembre del 2022, unos hombres desconocidos dispararon sobre un veh\u00edculo que se encontraba estacionado a las afueras del establecimiento, esto mientras se llevaba a cabo el concierto del reguetonero <b>Danny Ocean,<\/b> el saldo fue de una persona fallecida y cuatro heridos.<\/p>\n<p>Por su parte, el se\u00f1or Fernando Figueroa determin\u00f3 que lamentablemente y pese a los m\u00faltiples hechos que se han presentado, hasta ahora, la autoridad municipal no ha decidido clausurar el lugar, pese a que se cuenta con todos los elementos necesarios para llevar a cabo este proceso.<\/p>\n<p>Adem\u00e1s se\u00f1ala que al concluir los conciertos, las calles Juan de Alvarado, Nicol\u00e1s de Los Palacios Rubios, Jes\u00fas Solorzano D\u00e1valos y Luis de Le\u00f3n Romano, las cuales son las que rodean al espacio, se convierten en <b>cantinas y hoteles p\u00fablicos, <\/b>sin que la Polic\u00eda Municipal o Guardia Civil intervenga de alguna manera.<\/p>\n<p>&#8220;La verdad es que hemos presentado muchas quejas en la secretar\u00eda del Ayuntamiento y no en esta administraci\u00f3n, sino en muchas otras, pero ning\u00fan presidente municipal se ha querido meter en este tema, ya que supongo debe existir alguna situaci\u00f3n de riesgo para ellos&#8221;, se\u00f1al\u00f3.<\/p>\n<p>Recordar que pese a los m\u00faltiples se\u00f1alamientos y eventos en los que ha existido alg\u00fan problema en la monumental, hasta el momento, el municipio no ha girado ni siquiera una sanci\u00f3n en contra del lugar, responsabilizando en todos los hechos a la empresa que lo organiza o se\u00f1alando que son hechos aislados.<\/p>\n<p>El espacio se mantiene resguardo por la FGE, sin embargo, al menos tres eventos se estar\u00edan presentando en el lugar en los pr\u00f3ximos d\u00edas, esto sin que las empresas encargadas de traer los shows, hayan informado a su p\u00fablico, qu\u00e9 pasar\u00e1 con ellos.<\/p>\n<p>Adem\u00e1s, algunos otros vecinos, expresan que se cuenta con otros problemas como lo es la del pavimento, toda vez que algunas calles cuentan con<b> baches,<\/b> esto pese a que fue durante la administraci\u00f3n municipal 2018-2021, que se colocaron en algunas de las calles, el reencarpetamiento, por lo que solicitaron el apoyo al municipio.<\/p>\n<p>Tambi\u00e9n se\u00f1alan que se deber\u00eda tener mayor presencia de polic\u00edas municipales, esto con el fin que atiendan las vialidades, toda vez que cuando el tren pasa por tres puentes, los veh\u00edculos utilizan la colonia como ruta alternativa para subir por el puente elevado y cruzar.<\/p>\n<p>Est\u00e1 situado exactamente a 7.97 km (hacia el NW) del centro geogr\u00e1fico del \u00e1rea municipal de Morelia. Y est\u00e1 localizado a 1.09 km (hacia el E) del centro urbano de la localidad de Morelia.<\/p>\n<\/div>\n<p><script>(function(d, s, id) {\nvar js, fjs = d.getElementsByTagName(s)[0];\nif (d.getElementById(id)) return;\njs = d.createElement(s); js.id = id;\njs.src = 'https:\/\/connect.facebook.net\/es_LA\/sdk.js#xfbml=1&version=v3.2&appId=2304818722879035&autoLogAppEvents=1';\nfjs.parentNode.insertBefore(js, fjs);\n}(document, 'script', 'facebook-jssdk'));\n<\/script><\/p>\n","protected":false},"excerpt":{"rendered":"<p>Morelia, Michoac\u00e1n (OEM-Infomex).- Balaceras y peleas se han convertido en asuntos cotidianos para vecinos de la colonia Nueva Valladolid, quienes tienen vecindad ni m\u00e1s ni menos que con la plaza Monumental de Toros. Los vecinos manifiestan que viven con el temor y la angustia de que un d\u00eda puedan ser ellos quienes reciban alg\u00fan &#8220;balazo&#8221; [&hellip;]<\/p>\n","protected":false},"author":2,"featured_media":7532,"comment_status":"","ping_status":"","sticky":false,"template":"","format":"standard","meta":{"_monsterinsights_skip_tracking":false,"_monsterinsights_sitenote_active":false,"_monsterinsights_sitenote_note":"","_monsterinsights_sitenote_category":0,"footnotes":""},"categories":[7],"tags":[],"class_list":["post-7531","post","type-post","status-publish","format-standard","has-post-thumbnail","hentry","category-michoacan"],"_links":{"self":[{"href":"https:\/\/informebajio.com.mx\/index.php?rest_route=\/wp\/v2\/posts\/7531","targetHints":{"allow":["GET"]}}],"collection":[{"href":"https:\/\/informebajio.com.mx\/index.php?rest_route=\/wp\/v2\/posts"}],"about":[{"href":"https:\/\/informebajio.com.mx\/index.php?rest_route=\/wp\/v2\/types\/post"}],"author":[{"embeddable":true,"href":"https:\/\/informebajio.com.mx\/index.php?rest_route=\/wp\/v2\/users\/2"}],"replies":[{"embeddable":true,"href":"https:\/\/informebajio.com.mx\/index.php?rest_route=%2Fwp%2Fv2%2Fcomments&post=7531"}],"version-history":[{"count":0,"href":"https:\/\/informebajio.com.mx\/index.php?rest_route=\/wp\/v2\/posts\/7531\/revisions"}],"wp:featuredmedia":[{"embeddable":true,"href":"https:\/\/informebajio.com.mx\/index.php?rest_route=\/wp\/v2\/media\/7532"}],"wp:attachment":[{"href":"https:\/\/informebajio.com.mx\/index.php?rest_route=%2Fwp%2Fv2%2Fmedia&parent=7531"}],"wp:term":[{"taxonomy":"category","embeddable":true,"href":"https:\/\/informebajio.com.mx\/index.php?rest_route=%2Fwp%2Fv2%2Fcategories&post=7531"},{"taxonomy":"post_tag","embeddable":true,"href":"https:\/\/informebajio.com.mx\/index.php?rest_route=%2Fwp%2Fv2%2Ftags&post=7531"}],"curies":[{"name":"wp","href":"https:\/\/api.w.org\/{rel}","templated":true}]}}