{"id":7565,"date":"2023-04-11T04:27:30","date_gmt":"2023-04-11T09:27:30","guid":{"rendered":"https:\/\/informebajio.com.mx\/?p=7565"},"modified":"2023-04-11T04:27:30","modified_gmt":"2023-04-11T09:27:30","slug":"alistan-fechas-para-iniciar-con-co-mural","status":"publish","type":"post","link":"https:\/\/informebajio.com.mx\/?p=7565","title":{"rendered":"Alistan fechas para iniciar con Co-mural"},"content":{"rendered":"<div id=\"content-body-5851641-9894054\">\n<p>Las intervenciones art\u00edsticas para la<b> <a rel=\"Follow noopener\" target=\"_self\" href=\"https:\/\/www.elsoldesanjuandelrio.com.mx\/local\/pintaran-murales-en-san-juan-del-rio-murales-8156380.html\">creaci\u00f3n de murales<\/a><\/b> en distintas<b> comunidades y colonias de San Juan del R\u00edo<\/b> iniciar\u00edan <b>a principios de mayo<\/b>, fecha en la cual arrancar\u00eda de manera formal la<b> segunda etapa de este proyecto<\/b>, dio a conocer el titular de la de la Direcci\u00f3n Municipal de la Juventud, <b>Luis Alberto Galv\u00e1n Hern\u00e1ndez<\/b>.<\/p>\n<p>Refiri\u00f3 que actualmente personal de la dependencia que encabeza y<b> artistas han tenido acercamientos con habitantes de cinco zonas de la demarcaci\u00f3n<\/b>, esto con el prop\u00f3sito de recabar informaci\u00f3n para iniciar el proceso de bocetaje, pues, record\u00f3, cada una de las piezas que se elaboran contienen elementos caracter\u00edsticos del lugar donde se encuentra, a fin de que los<b> habitantes del sitio se sientan integrados y posean un sentido de pertenencia. <\/b><\/p>\n<p><i>\u201cAhorita tenemos la primera etapa que fue el acercamiento con algunas comunidades para el tema de bocetaje. En este primer grupo de murales que se van a estar interviniendo muy probablemente de manera simult\u00e1nea a inicios de mayo van a ser en Nuevo San Isidro, Barrio del Esp\u00edritu Santo, Casa Blanca, Colonia Arrayanes y La Pe\u00f1a, son los cinco murales con lo que trabajamos en primera instancia\u201d, <\/i>coment\u00f3. <\/p>\n<p>Puntualiz\u00f3 que dentro de la segunda etapa de <b>la ruta Co-Mural: Tierra y Color en este 2023 <\/b>se proyecta la pinta de <b>15 murales en distintos puntos<\/b> de San Juan del R\u00edo. Dijo que del total de piezas proyectadas, al menos <b>seis de ellas se realizar\u00e1n en la zona oriente<\/b> del municipio, toda vez que durante la primera etapa de la iniciativa la mayor\u00eda de murales se concentr\u00f3 en comunidades de la <b>zona centro y poniente de la demarcaci\u00f3n<\/b>. <\/p>\n<p>Refiri\u00f3 que estos proyectos est\u00e1n enfocados en <b>continuar rescatando los espacios p\u00fablicos,<\/b> visibilizar el trabajo de los artistas sanjuanenses, as\u00ed como profesionalizar el arte urbano. Explic\u00f3 que otras de las colonias y comunidades que formar\u00edan parte de este proyecto durante este a\u00f1o son<b> Fundadores, Valle Dorado, El Rodeo<\/b>, entre otras. <\/p>\n<p><b>\u27a1\ufe0f <\/b><a href=\"https:\/\/oem.us16.list-manage.com\/subscribe?u=c04a811ee61dc85305bf7133b&amp;id=f1b85ee5bb\"><b>Suscr\u00edbete a nuestro Newsletter y recibe las notas m\u00e1s relevantes en tu correo<\/b><\/a><b\/><\/p>\n<p><i>\u201cIngresan colonias de la zona oriente como Fundadores, Valle Dorado, se tienen de comunidades El Rodeo, La Llave, La Estancia y San Sebasti\u00e1n de las Barrancas Norte, son algunos de los espacios que se tienen proyectados para intervenirse en este a\u00f1o (\u2026). Ya se empez\u00f3 ahorita con las primeras etapas del programa, pero ya de manera formal la intervenci\u00f3n art\u00edstica se empezar\u00eda en el mes de mayo\u201d,<\/i> mencion\u00f3. <\/p>\n<\/div>\n<p><script>(function(d, s, id) {\nvar js, fjs = d.getElementsByTagName(s)[0];\nif (d.getElementById(id)) return;\njs = d.createElement(s); js.id = id;\njs.src = 'https:\/\/connect.facebook.net\/es_LA\/sdk.js#xfbml=1&version=v3.2&appId=232029482016746&autoLogAppEvents=1';\nfjs.parentNode.insertBefore(js, fjs);\n}(document, 'script', 'facebook-jssdk'));\n<\/script><\/p>\n","protected":false},"excerpt":{"rendered":"<p>Las intervenciones art\u00edsticas para la creaci\u00f3n de murales en distintas comunidades y colonias de San Juan del R\u00edo iniciar\u00edan a principios de mayo, fecha en la cual arrancar\u00eda de manera formal la segunda etapa de este proyecto, dio a conocer el titular de la de la Direcci\u00f3n Municipal de la Juventud, Luis Alberto Galv\u00e1n Hern\u00e1ndez. [&hellip;]<\/p>\n","protected":false},"author":2,"featured_media":7566,"comment_status":"","ping_status":"","sticky":false,"template":"","format":"standard","meta":{"_monsterinsights_skip_tracking":false,"_monsterinsights_sitenote_active":false,"_monsterinsights_sitenote_note":"","_monsterinsights_sitenote_category":0,"footnotes":""},"categories":[6],"tags":[],"class_list":["post-7565","post","type-post","status-publish","format-standard","has-post-thumbnail","hentry","category-san-juan-del-rio"],"_links":{"self":[{"href":"https:\/\/informebajio.com.mx\/index.php?rest_route=\/wp\/v2\/posts\/7565","targetHints":{"allow":["GET"]}}],"collection":[{"href":"https:\/\/informebajio.com.mx\/index.php?rest_route=\/wp\/v2\/posts"}],"about":[{"href":"https:\/\/informebajio.com.mx\/index.php?rest_route=\/wp\/v2\/types\/post"}],"author":[{"embeddable":true,"href":"https:\/\/informebajio.com.mx\/index.php?rest_route=\/wp\/v2\/users\/2"}],"replies":[{"embeddable":true,"href":"https:\/\/informebajio.com.mx\/index.php?rest_route=%2Fwp%2Fv2%2Fcomments&post=7565"}],"version-history":[{"count":0,"href":"https:\/\/informebajio.com.mx\/index.php?rest_route=\/wp\/v2\/posts\/7565\/revisions"}],"wp:featuredmedia":[{"embeddable":true,"href":"https:\/\/informebajio.com.mx\/index.php?rest_route=\/wp\/v2\/media\/7566"}],"wp:attachment":[{"href":"https:\/\/informebajio.com.mx\/index.php?rest_route=%2Fwp%2Fv2%2Fmedia&parent=7565"}],"wp:term":[{"taxonomy":"category","embeddable":true,"href":"https:\/\/informebajio.com.mx\/index.php?rest_route=%2Fwp%2Fv2%2Fcategories&post=7565"},{"taxonomy":"post_tag","embeddable":true,"href":"https:\/\/informebajio.com.mx\/index.php?rest_route=%2Fwp%2Fv2%2Ftags&post=7565"}],"curies":[{"name":"wp","href":"https:\/\/api.w.org\/{rel}","templated":true}]}}