{"id":7567,"date":"2023-04-11T05:21:09","date_gmt":"2023-04-11T10:21:09","guid":{"rendered":"https:\/\/informebajio.com.mx\/?p=7567"},"modified":"2023-04-11T05:21:09","modified_gmt":"2023-04-11T10:21:09","slug":"colectivo-exige-curules-para-comunidad-lbtiq-en-parlamento-juvenil","status":"publish","type":"post","link":"https:\/\/informebajio.com.mx\/?p=7567","title":{"rendered":"Colectivo exige curules para Comunidad LBTIQ+ en Parlamento Juvenil"},"content":{"rendered":"<div id=\"content-body-225-9887920\">\n<p>Morelia, Michoac\u00e1n (OEM-Infomex).- De los 40 espacios en el Congreso local, se busca que al menos el diez por ciento de los curules sean asignados a integrantes de la Comunidad LGBTIQ+ en el Parlamento Juvenil que se realizar\u00e1 en julio de este a\u00f1o, as\u00ed lo dio a conocer la diputada independiente<b>, Er\u00e9ndira Isauro Hern\u00e1ndez. <\/b><\/p>\n<p>A trav\u00e9s de una iniciativa de ley ciudadana que present\u00f3 al Congreso local el Colectivo gay denominado \u201cRights M\u00e9xico\u201d, se pretende adem\u00e1s que la comunidad de<b> Michoac\u00e1n <\/b>pueda participar en el Premio Estatal de la Juventud en el estado que se entrega cada a\u00f1o por el gobierno de la entidad. <\/p>\n<p>En la propuesta de iniciativa, los integrantes de dicho colectivo tambi\u00e9n solicitan a los diputados locales, integrar en el Parlamento Juvenil 2023 al menos el diez por ciento de los <b>40 espacios del Congreso para la comunidad LGBTIQ+<\/b> a fin de que este sector vulnerable pueda estar representado, al igual que los sectores de las personas <b>con discapacidad, mujeres ind\u00edgenas o afromexicanos.<\/b><\/p>\n<p>En cuanto a la fecha, la diputada refiri\u00f3 que no se tiene todav\u00eda la fecha exacta, pero se prev\u00e9 que el Parlamento Juvenil 2023 pueda realizarse en el<b> Congreso local<\/b> a partir del mes de julio, despu\u00e9s del Pride Michoac\u00e1n. <\/p>\n<p>En entrevista, la diputada<b> Isauro Hern\u00e1ndez <\/b>reconoci\u00f3 que en la 75 Legislatura sigue prevaleciendo la discriminaci\u00f3n y exclusi\u00f3n de varios sectores de la sociedad que no son tomados en cuenta en varis iniciativas de ley a fin de acceder a los derechos b\u00e1sicos como la salud, el trabajo, la participaci\u00f3n pol\u00edtica, entre otros. <\/p>\n<p>La legisladora por el distrito de <b>Paracho, extern\u00f3 q<\/b>ue el acercamiento del colectivo \u201cRights M\u00e9xico\u201d tuvo la finalidad de que sean incluidos en el pr\u00f3ximo Parlamento Juvenil en el cual se ha excluido a quienes forman parte de la comunidad LGBTIQ+ a diferencia del que se llev\u00f3 a cabo en la C\u00e1mara de Diputados federal donde estuvieron representados para que puedan ampliarse y mejorarse los espacios de participaci\u00f3n pol\u00edtica de las comunidades vulnerables. <\/p>\n<p>Este medio de comunicaci\u00f3n ha dado cuenta de que en los \u00faltimos 40 a\u00f1os en Michoac\u00e1n se han registrado un total de 153 cr\u00edmenes de odio contra los integrantes de la comunidad LGBTIQ+, mientras que el a\u00f1o pasado se inform\u00f3 que M\u00e9xico es el segundo pa\u00eds en Am\u00e9rica Latina con mayor violencia<b> homof\u00f3bica y transf\u00f3bica, <\/b>despu\u00e9s de Brasil, de acuerdo con el Observatorio Nacional de Cr\u00edmenes de Odio de la Fundaci\u00f3n Arco\u00edris.<\/p>\n<\/div>\n<p><script>(function(d, s, id) {\nvar js, fjs = d.getElementsByTagName(s)[0];\nif (d.getElementById(id)) return;\njs = d.createElement(s); js.id = id;\njs.src = 'https:\/\/connect.facebook.net\/es_LA\/sdk.js#xfbml=1&version=v3.2&appId=2304818722879035&autoLogAppEvents=1';\nfjs.parentNode.insertBefore(js, fjs);\n}(document, 'script', 'facebook-jssdk'));\n<\/script><\/p>\n","protected":false},"excerpt":{"rendered":"<p>Morelia, Michoac\u00e1n (OEM-Infomex).- De los 40 espacios en el Congreso local, se busca que al menos el diez por ciento de los curules sean asignados a integrantes de la Comunidad LGBTIQ+ en el Parlamento Juvenil que se realizar\u00e1 en julio de este a\u00f1o, as\u00ed lo dio a conocer la diputada independiente, Er\u00e9ndira Isauro Hern\u00e1ndez. A [&hellip;]<\/p>\n","protected":false},"author":2,"featured_media":7568,"comment_status":"","ping_status":"","sticky":false,"template":"","format":"standard","meta":{"_monsterinsights_skip_tracking":false,"_monsterinsights_sitenote_active":false,"_monsterinsights_sitenote_note":"","_monsterinsights_sitenote_category":0,"footnotes":""},"categories":[7],"tags":[],"class_list":["post-7567","post","type-post","status-publish","format-standard","has-post-thumbnail","hentry","category-michoacan"],"_links":{"self":[{"href":"https:\/\/informebajio.com.mx\/index.php?rest_route=\/wp\/v2\/posts\/7567","targetHints":{"allow":["GET"]}}],"collection":[{"href":"https:\/\/informebajio.com.mx\/index.php?rest_route=\/wp\/v2\/posts"}],"about":[{"href":"https:\/\/informebajio.com.mx\/index.php?rest_route=\/wp\/v2\/types\/post"}],"author":[{"embeddable":true,"href":"https:\/\/informebajio.com.mx\/index.php?rest_route=\/wp\/v2\/users\/2"}],"replies":[{"embeddable":true,"href":"https:\/\/informebajio.com.mx\/index.php?rest_route=%2Fwp%2Fv2%2Fcomments&post=7567"}],"version-history":[{"count":0,"href":"https:\/\/informebajio.com.mx\/index.php?rest_route=\/wp\/v2\/posts\/7567\/revisions"}],"wp:featuredmedia":[{"embeddable":true,"href":"https:\/\/informebajio.com.mx\/index.php?rest_route=\/wp\/v2\/media\/7568"}],"wp:attachment":[{"href":"https:\/\/informebajio.com.mx\/index.php?rest_route=%2Fwp%2Fv2%2Fmedia&parent=7567"}],"wp:term":[{"taxonomy":"category","embeddable":true,"href":"https:\/\/informebajio.com.mx\/index.php?rest_route=%2Fwp%2Fv2%2Fcategories&post=7567"},{"taxonomy":"post_tag","embeddable":true,"href":"https:\/\/informebajio.com.mx\/index.php?rest_route=%2Fwp%2Fv2%2Ftags&post=7567"}],"curies":[{"name":"wp","href":"https:\/\/api.w.org\/{rel}","templated":true}]}}