{"id":7651,"date":"2023-04-12T04:50:33","date_gmt":"2023-04-12T09:50:33","guid":{"rendered":"https:\/\/informebajio.com.mx\/?p=7651"},"modified":"2023-04-12T04:50:33","modified_gmt":"2023-04-12T09:50:33","slug":"afectadas-jardineras-de-avenida-juarez-por-paso-del-tiempo","status":"publish","type":"post","link":"https:\/\/informebajio.com.mx\/?p=7651","title":{"rendered":"Afectadas jardineras\u00a0 de avenida Ju\u00e1rez por paso del tiempo"},"content":{"rendered":"<div id=\"content-body-5851641-9900069\">\n<p><b>Ciudadanos del municipio de <a href=\"https:\/\/www.elsoldesanjuandelrio.com.mx\/local\/rehabilitan-fuentes-de-la-zona-centro-de-san-juan-9815197.html\" target=\"_self\" rel=\"Follow noopener\">San Juan del R\u00edo<\/a><\/b> reportaron lo afectado que se encuentran las <b>jardineras<\/b> ubicadas a lo largo de la <b>avenida Benito Ju\u00e1rez,<\/b> desde las inmediaciones del Portal del Diezmo hasta la esquina con la calle 16 de Septiembre, toda vez que, estas, <b>tienen pedazos de piedra desprendidas desde hace algunos a\u00f1os.<\/b><\/p>\n<p>Y es que a lo largo de este per\u00edmetro <b>se han ido deteriorando las bancas<\/b> que tambi\u00e9n sirve para detener a enormes \u00e1rboles que tienen m\u00e1s de 25 a\u00f1os en este lugar raz\u00f3n por la que sugieren es <b>necesario que se puedan recuperar, al estar situadas dentro de la Ruta Real Tierra Adentro.<\/b><\/p>\n<p><b>Algunas de estas jardineras<\/b>, ya no tienen tramos para que la gente pueda sentarse y otros <b>est\u00e1n en riesgo de desprenderse<\/b> o bien, solo est\u00e1n sobrepuestas, generando que no sean seguras para quienes quieren pasear por este espacio icono para las familias de sanjuanenses.<\/p>\n<p><i>\u201cCada d\u00eda se deterioran m\u00e1s, y es que el paso del tiempo no perdona, es muy necesario que se puedan reparar esas bancas con todo y las jardineras, nosotros que ya somos mayores venimos a hacer pagos a los bancos, nos queremos sentar pero las jardineras est\u00e1n en muy mal estado\u201d.<\/i><\/p>\n<p>Al cuestionar a los sanjuanenses que acuden a los bancos de la zona, advirtieron que, <b>las malas condiciones <\/b>en las que se encuentran estas jardineras<b> hacen que se vea feo el tramo para los turistas <\/b>o para quienes \u00fanicamente salen a caminar y recorrer el Centro Hist\u00f3rico del municipio.<\/p>\n<p>Por lo anterior, consideraron necesario que las <b>autoridades municipales hagan las reparaciones necesarias<\/b> para mejorar estos sitios que son de esparcimiento y arterias por las que diariamente atraviesan cientos de personas de esta demarcaci\u00f3n.<\/p>\n<p><b>\u27a1\ufe0f <\/b><a href=\"https:\/\/oem.us16.list-manage.com\/subscribe?u=c04a811ee61dc85305bf7133b&amp;id=f1b85ee5bb\"><b>Suscr\u00edbete a nuestro Newsletter y recibe las notas m\u00e1s relevantes en tu correo<\/b><\/a><b\/><\/p>\n<p><i>\u201cEsperamos que nuestras autoridades hagan algo con las jardineras y que de paso puedan revisar las condiciones de los \u00e1rboles, en algunas partes se ve como si estuvieran enfermos y ya hemos visto en otros lugares que se reblandece mucho la tierra cuando llueve y hay que evitar que haya desgracias y sobre todo si es que se pueden prevenir\u201d.<\/i><\/p>\n<\/div>\n<p><script>(function(d, s, id) {\nvar js, fjs = d.getElementsByTagName(s)[0];\nif (d.getElementById(id)) return;\njs = d.createElement(s); js.id = id;\njs.src = 'https:\/\/connect.facebook.net\/es_LA\/sdk.js#xfbml=1&version=v3.2&appId=232029482016746&autoLogAppEvents=1';\nfjs.parentNode.insertBefore(js, fjs);\n}(document, 'script', 'facebook-jssdk'));\n<\/script><\/p>\n","protected":false},"excerpt":{"rendered":"<p>Ciudadanos del municipio de San Juan del R\u00edo reportaron lo afectado que se encuentran las jardineras ubicadas a lo largo de la avenida Benito Ju\u00e1rez, desde las inmediaciones del Portal del Diezmo hasta la esquina con la calle 16 de Septiembre, toda vez que, estas, tienen pedazos de piedra desprendidas desde hace algunos a\u00f1os. Y [&hellip;]<\/p>\n","protected":false},"author":2,"featured_media":7652,"comment_status":"","ping_status":"","sticky":false,"template":"","format":"standard","meta":{"_monsterinsights_skip_tracking":false,"_monsterinsights_sitenote_active":false,"_monsterinsights_sitenote_note":"","_monsterinsights_sitenote_category":0,"footnotes":""},"categories":[6],"tags":[],"class_list":["post-7651","post","type-post","status-publish","format-standard","has-post-thumbnail","hentry","category-san-juan-del-rio"],"_links":{"self":[{"href":"https:\/\/informebajio.com.mx\/index.php?rest_route=\/wp\/v2\/posts\/7651","targetHints":{"allow":["GET"]}}],"collection":[{"href":"https:\/\/informebajio.com.mx\/index.php?rest_route=\/wp\/v2\/posts"}],"about":[{"href":"https:\/\/informebajio.com.mx\/index.php?rest_route=\/wp\/v2\/types\/post"}],"author":[{"embeddable":true,"href":"https:\/\/informebajio.com.mx\/index.php?rest_route=\/wp\/v2\/users\/2"}],"replies":[{"embeddable":true,"href":"https:\/\/informebajio.com.mx\/index.php?rest_route=%2Fwp%2Fv2%2Fcomments&post=7651"}],"version-history":[{"count":0,"href":"https:\/\/informebajio.com.mx\/index.php?rest_route=\/wp\/v2\/posts\/7651\/revisions"}],"wp:featuredmedia":[{"embeddable":true,"href":"https:\/\/informebajio.com.mx\/index.php?rest_route=\/wp\/v2\/media\/7652"}],"wp:attachment":[{"href":"https:\/\/informebajio.com.mx\/index.php?rest_route=%2Fwp%2Fv2%2Fmedia&parent=7651"}],"wp:term":[{"taxonomy":"category","embeddable":true,"href":"https:\/\/informebajio.com.mx\/index.php?rest_route=%2Fwp%2Fv2%2Fcategories&post=7651"},{"taxonomy":"post_tag","embeddable":true,"href":"https:\/\/informebajio.com.mx\/index.php?rest_route=%2Fwp%2Fv2%2Ftags&post=7651"}],"curies":[{"name":"wp","href":"https:\/\/api.w.org\/{rel}","templated":true}]}}