{"id":7671,"date":"2023-04-12T10:53:13","date_gmt":"2023-04-12T15:53:13","guid":{"rendered":"https:\/\/informebajio.com.mx\/?p=7671"},"modified":"2023-04-12T10:53:13","modified_gmt":"2023-04-12T15:53:13","slug":"morenistas-elegiran-a-sus-candidatos-y-candidatas","status":"publish","type":"post","link":"https:\/\/informebajio.com.mx\/?p=7671","title":{"rendered":"Morenistas elegir\u00e1n a sus candidatos y candidatas"},"content":{"rendered":"<div id=\"content-body-5851641-9899477\">\n<p><b>Mediante el voto libre y secreto<\/b>, los militantes del partido del <b>Movimiento de Regeneraci\u00f3n Nacional <\/b>(Morena), elegir\u00e1n a sus <b><a rel=\"Follow noopener\" target=\"_self\" href=\"https:\/\/www.elsoldesanjuandelrio.com.mx\/local\/los-adversarios-son-de-color-azul-santiago-nieto-9855053.html\">candidatos y candidatas<\/a> a la presidencia municipal de San Juan del R\u00edo<\/b> as\u00ed como a las <b>diputaciones locales<\/b> para participar el pr\u00f3ximo a\u00f1o.<\/p>\n<p>Lo anterior lo dio a conocer la dirigente del instituto pol\u00edtico, <b>Rufina Ben\u00edtez Estrada<\/b>, quien asegur\u00f3 que para ello, se realizan los preparativos no solo en esta localidad, sino en todo el estado, de tal manera que unidos, los morenistas puedan participar en el m\u00e9todo de elecci\u00f3n de sus<b> representantes a la contienda electoral del 2024<\/b>, ya que ser\u00e1n filtros de selecci\u00f3n, primero, a trav\u00e9s de la elecci\u00f3n de cuatro perfiles para cada puesto de representaci\u00f3n proporcional y posteriormente, mediante encuestas.<\/p>\n<p><i>\u201cEn el caso de la alcald\u00eda, va a ser una asamblea electoral municipal, quienes van a participar, pues solamente los afiliados, va a ser la gente de todo el municipio a trav\u00e9s de la encuesta la que va a definir de esos cuatro qui\u00e9n ser\u00e1 el candidato o candidata\u201d<\/i>.<\/p>\n<p>La dirigente mencion\u00f3 que se <b>han tenido reuniones en todo el estado con la militancia<\/b>, de tal manera que se pueda ir trabajando en el tema y se cuente con su participaci\u00f3n, debido a que la intenci\u00f3n del partido, dijo que es continuar con la<b> continuidad de la 4T en la entidad.<\/b><\/p>\n<p><i>\u201cSe viene por asambleas la elecci\u00f3n de nuestros candidatos y candidatas, por ejemplo, las candidaturas a diputaci\u00f3n locales, bueno, ser\u00e1n mediante asambleas distritales, donde van a participar los afiliados, van a ser los afiliados quienes a trav\u00e9s de su voto libre y secreto, se determinen cuatro perfiles, los m\u00e1s votados y esos se van ir a una encuesta\u201d.<\/i><\/p>\n<p><b>\u27a1\ufe0f <\/b><a href=\"https:\/\/oem.us16.list-manage.com\/subscribe?u=c04a811ee61dc85305bf7133b&amp;id=f1b85ee5bb\"><b>Suscr\u00edbete a nuestro Newsletter y recibe las notas m\u00e1s relevantes en tu correo<\/b><\/a><b\/><\/p>\n<p>Agreg\u00f3 que la <b>elecci\u00f3n de los abanderados del partido<\/b> para las elecciones, ser\u00e1 en <b>apego a los estatutos<\/b> del partido, es por ello que se ha dado difusi\u00f3n a la metodolog\u00eda que tendr\u00e1 Morena en los pr\u00f3ximos meses para elegir a los mejores candidatos y candidatas.<\/p>\n<\/div>\n<p><script>(function(d, s, id) {\nvar js, fjs = d.getElementsByTagName(s)[0];\nif (d.getElementById(id)) return;\njs = d.createElement(s); js.id = id;\njs.src = 'https:\/\/connect.facebook.net\/es_LA\/sdk.js#xfbml=1&version=v3.2&appId=232029482016746&autoLogAppEvents=1';\nfjs.parentNode.insertBefore(js, fjs);\n}(document, 'script', 'facebook-jssdk'));\n<\/script><\/p>\n","protected":false},"excerpt":{"rendered":"<p>Mediante el voto libre y secreto, los militantes del partido del Movimiento de Regeneraci\u00f3n Nacional (Morena), elegir\u00e1n a sus candidatos y candidatas a la presidencia municipal de San Juan del R\u00edo as\u00ed como a las diputaciones locales para participar el pr\u00f3ximo a\u00f1o. Lo anterior lo dio a conocer la dirigente del instituto pol\u00edtico, Rufina Ben\u00edtez [&hellip;]<\/p>\n","protected":false},"author":2,"featured_media":7672,"comment_status":"","ping_status":"","sticky":false,"template":"","format":"standard","meta":{"_monsterinsights_skip_tracking":false,"_monsterinsights_sitenote_active":false,"_monsterinsights_sitenote_note":"","_monsterinsights_sitenote_category":0,"footnotes":""},"categories":[6],"tags":[],"class_list":["post-7671","post","type-post","status-publish","format-standard","has-post-thumbnail","hentry","category-san-juan-del-rio"],"_links":{"self":[{"href":"https:\/\/informebajio.com.mx\/index.php?rest_route=\/wp\/v2\/posts\/7671","targetHints":{"allow":["GET"]}}],"collection":[{"href":"https:\/\/informebajio.com.mx\/index.php?rest_route=\/wp\/v2\/posts"}],"about":[{"href":"https:\/\/informebajio.com.mx\/index.php?rest_route=\/wp\/v2\/types\/post"}],"author":[{"embeddable":true,"href":"https:\/\/informebajio.com.mx\/index.php?rest_route=\/wp\/v2\/users\/2"}],"replies":[{"embeddable":true,"href":"https:\/\/informebajio.com.mx\/index.php?rest_route=%2Fwp%2Fv2%2Fcomments&post=7671"}],"version-history":[{"count":0,"href":"https:\/\/informebajio.com.mx\/index.php?rest_route=\/wp\/v2\/posts\/7671\/revisions"}],"wp:featuredmedia":[{"embeddable":true,"href":"https:\/\/informebajio.com.mx\/index.php?rest_route=\/wp\/v2\/media\/7672"}],"wp:attachment":[{"href":"https:\/\/informebajio.com.mx\/index.php?rest_route=%2Fwp%2Fv2%2Fmedia&parent=7671"}],"wp:term":[{"taxonomy":"category","embeddable":true,"href":"https:\/\/informebajio.com.mx\/index.php?rest_route=%2Fwp%2Fv2%2Fcategories&post=7671"},{"taxonomy":"post_tag","embeddable":true,"href":"https:\/\/informebajio.com.mx\/index.php?rest_route=%2Fwp%2Fv2%2Ftags&post=7671"}],"curies":[{"name":"wp","href":"https:\/\/api.w.org\/{rel}","templated":true}]}}