{"id":8026,"date":"2023-04-17T21:49:37","date_gmt":"2023-04-18T02:49:37","guid":{"rendered":"https:\/\/informebajio.com.mx\/?p=8026"},"modified":"2023-04-17T21:49:37","modified_gmt":"2023-04-18T02:49:37","slug":"detenido-el-chiquilin-principal-sospechoso-del-asesinato-a-golpes-de-un-cliente-en-el-restaurante-la-polar","status":"publish","type":"post","link":"https:\/\/informebajio.com.mx\/?p=8026","title":{"rendered":"Detenido \u2018El Chiquil\u00edn\u2019, principal sospechoso del asesinato a golpes de un cliente en el restaurante La Polar"},"content":{"rendered":"<div data-dtm-region=\"articulo_cuerpo\">\n<figure class=\"a_m a_m-h \"><span class=\"a_m_w _db\"><img fetchpriority=\"high\" alt=\"Sergio N, detenido por un homicidio en el restaurante La Polar de Ciudad de M&#xE9;xico.\" decoding=\"auto\" class=\"_re  a_m-h\" height=\"233\" srcset=\"https:\/\/imagenes.elpais.com\/resizer\/hC9VtCibtuM7FavaWzRLjD6c9cY=\/414x0\/cloudfront-eu-central-1.images.arcpublishing.com\/prisa\/2KO55WD5ZFFZ7DJFDQLKZYV67U.jpg 414w,https:\/\/imagenes.elpais.com\/resizer\/oo-nD8OnglYVQuiVb9Q5s6LJcrs=\/828x0\/cloudfront-eu-central-1.images.arcpublishing.com\/prisa\/2KO55WD5ZFFZ7DJFDQLKZYV67U.jpg 640w,https:\/\/imagenes.elpais.com\/resizer\/RlUKGgFAVIfcG48NL1faR2WrdUw=\/980x0\/cloudfront-eu-central-1.images.arcpublishing.com\/prisa\/2KO55WD5ZFFZ7DJFDQLKZYV67U.jpg 1000w,https:\/\/imagenes.elpais.com\/resizer\/J1JbN41Ig0A1SF8sPxgiXU9wBoY=\/1200x0\/cloudfront-eu-central-1.images.arcpublishing.com\/prisa\/2KO55WD5ZFFZ7DJFDQLKZYV67U.jpg 1200w\" width=\"414\" loading=\"eager\" src=\"https:\/\/imagenes.elpais.com\/resizer\/hC9VtCibtuM7FavaWzRLjD6c9cY=\/414x0\/cloudfront-eu-central-1.images.arcpublishing.com\/prisa\/2KO55WD5ZFFZ7DJFDQLKZYV67U.jpg\" sizes=\"(min-width: 1199px) 760px,(min-width: 1001px) cal(100vw - 62vw),(min-width: 768px) 767px, 100vw\"\/><\/span><figcaption class=\"a_m_p\"><span>Sergio N, detenido por un homicidio en el restaurante La Polar de Ciudad de M\u00e9xico.<\/span><span class=\"a_m_m\">FGJCDMX<\/span><\/figcaption><\/figure>\n<p class=\"\">Uno de los principales sospechosos del asesinato de un cliente en el restaurante <a href=\"https:\/\/elpais.com\/mexico\/2023-01-12\/dos-nuevos-detenidos-por-la-muerte-a-golpes-de-un-cliente-en-el-restaurante-la-polar.html\" target=\"_blank\" rel=\"noopener\">La Polar<\/a> ha sido detenido este domingo. Sergio N, alias <i>El Chiquil\u00edn<\/i>, era el jefe de seguridad del famoso local en <a href=\"https:\/\/elpais.com\/mexico\/2023-03-04\/nueva-york-y-barcelona-asesoran-a-ciudad-de-mexico-para-frenar-el-impacto-de-los-nomadas-digitales.html\" target=\"_blank\" rel=\"noopener\">Ciudad de M\u00e9xico<\/a> y fue capturado en Michoac\u00e1n, inform\u00f3 la <a href=\"https:\/\/elpais.com\/mexico\/2022-08-20\/la-fiscalia-de-ciudad-de-mexico-refuerza-su-lucha-contra-los-feminicidios-y-nombra-nueva-fiscal.html\" target=\"_blank\" rel=\"noopener\">Fiscal\u00eda<\/a> de la capital en un comunicado. El arresto se produce a dos meses de que el comensal falleciera por un paro cardiorrespiratorio tras ser golpeado por el personal del establecimiento, el pasado 8 de enero.<\/p>\n<p class=\"\">El detenido fue aprehendido en el puerto de L\u00e1zaro C\u00e1rdenas, en el Pac\u00edfico mexicano, \u201cpor su probable participaci\u00f3n en el homicidio de una persona, ocurrido en un restaurante bar de la <a href=\"https:\/\/elpais.com\/mexico\/2023-02-19\/bailarines-y-agentes-de-la-alcaldia-cuauhtemoc-se-enfrentan-al-cortarles-la-musica-por-las-quejas-vecinales.html\" target=\"_blank\" rel=\"noopener\">alcald\u00eda Cuauht\u00e9moc<\/a>\u201d, se\u00f1al\u00f3 la Fiscal\u00eda. El hombre ya fue trasladado a Ciudad de M\u00e9xico para emitir su declaraci\u00f3n ante un juez en el Reclusorio Norte.<\/p>\n<p class=\"\">La v\u00edctima, <a href=\"https:\/\/elpais.com\/mexico\/2023-01-12\/dos-nuevos-detenidos-por-la-muerte-a-golpes-de-un-cliente-en-el-restaurante-la-polar.html\" target=\"_blank\" rel=\"noopener\">Antonio Monroy<\/a>, era un hombre de 59 a\u00f1os que com\u00eda con su pareja y fue golpeado despu\u00e9s de entrar en una discusi\u00f3n con los empleados del restaurante. Tras la ri\u00f1a, las c\u00e1maras de seguridad captaron el momento en que el cliente fue retirado del establecimiento, un domingo por la noche. El informe policial daba cuenta de que el hombre qued\u00f3 inconsciente despu\u00e9s de la golpiza. Los param\u00e9dicos informaron de que hab\u00eda sufrido un paro fulminante. El pleito se produjo porque los meseros del lugar consideraron que no dej\u00f3 suficiente propina, seg\u00fan los primeros testimonios que se conocieron.<\/p>\n<figure class=\"a_m a_m-h \"><span class=\"_db a_m_w _pr lb_btn\"><img alt=\"El Restaurante La Polar, clausurado tras el asesinato de Antonio Monroy, el pasado 8 de enero.\" decoding=\"auto\" class=\"_re lazyload a_m-h\" height=\"276\" srcset=\"https:\/\/imagenes.elpais.com\/resizer\/ReXACptXFjbSLyICyeEJV3jGye0=\/414x0\/cloudfront-eu-central-1.images.arcpublishing.com\/prisa\/JPGAQQHGSZHULKU64W2RFXRJOM.jpg 414w,https:\/\/imagenes.elpais.com\/resizer\/me__AseaRo4RZ8-9DpqFPhoA67s=\/828x0\/cloudfront-eu-central-1.images.arcpublishing.com\/prisa\/JPGAQQHGSZHULKU64W2RFXRJOM.jpg 640w,https:\/\/imagenes.elpais.com\/resizer\/hix_rGJ3LG9VXu2_NHjezQAVvA8=\/980x0\/cloudfront-eu-central-1.images.arcpublishing.com\/prisa\/JPGAQQHGSZHULKU64W2RFXRJOM.jpg 1000w,https:\/\/imagenes.elpais.com\/resizer\/g5k7Ls-EXbIxbP2jCsR8kJUpQPY=\/1960x0\/cloudfront-eu-central-1.images.arcpublishing.com\/prisa\/JPGAQQHGSZHULKU64W2RFXRJOM.jpg 1960w\" width=\"414\" loading=\"lazy\" src=\"https:\/\/imagenes.elpais.com\/resizer\/ReXACptXFjbSLyICyeEJV3jGye0=\/414x0\/cloudfront-eu-central-1.images.arcpublishing.com\/prisa\/JPGAQQHGSZHULKU64W2RFXRJOM.jpg\"\/><svg class=\"icon_multimedia_ampliar | _pa a_m_i a_m_i-a _dn\" viewbox=\"0 0 40 40\"><use xlink:href=\"#svg-ampliar\"\/><\/svg><\/span><figcaption class=\"a_m_p\"><span>El Restaurante La Polar, clausurado tras el asesinato de Antonio Monroy, el pasado 8 de enero.<\/span><span class=\"a_m_m\">Rogelio Morales (CUARTOSCURO)<\/span><\/figcaption><\/figure>\n<p class=\"\">En la noche del altercado fue detenido Rom\u00e1n N, un empleado del lugar de 45 a\u00f1os. El juez orden\u00f3 que permaneciera bajo custodia, en prisi\u00f3n preventiva. Una semana despu\u00e9s otras dos personas fueron arrestadas, Oskar y Braulio Gerardo. Las autoridades mexicanas omiten los apellidos de los detenidos mientras est\u00e1n abiertas las investigaciones. La Polar, donde se encontraron armas de fuego durante las diligencias de la Polic\u00eda, fue clausurada el pasado 9 de enero. Rom\u00e1n, que trabajaba como valet, fue liberado el 16 de enero despu\u00e9s de que se determinara que no hab\u00eda pruebas suficientes para incriminarlo, de acuerdo con la revista <i>Proceso<\/i>.<\/p>\n<p class=\"\">Sergio N fue identificado como expolic\u00eda y se sospecha que encabez\u00f3 la golpiza, de acuerdo con los primeros reportes de la prensa mexicana. El detenido aparece en los videos en redes sociales donde se muestra c\u00f3mo sac\u00f3 a rastras a Monroy por la puerta del estacionamiento y lo dej\u00f3 tirado afuera del restaurante. La Fiscal\u00eda abri\u00f3 el caso por el delito de homicidio doloso, aunque en el comunicado no se detall\u00f3 qu\u00e9 cargos se imputan contra el jefe de seguridad de la conocida cantina, fundada hace m\u00e1s de ocho d\u00e9cadas. \u201cSe le presume inocente y ser\u00e1 tratada como tal en todas las etapas del procedimiento\u201d, reiteraron las autoridades. Monroy fue velado por sus familiares en el municipio conurbado de Tultepec, el pasado 12 de enero.<\/p>\n<p class=\"\"><a href=\"https:\/\/plus.elpais.com\/newsletters\/lnp\/1\/348\"><b>Suscr\u00edbase aqu\u00ed<\/b><\/a><b> <\/b>a la <i>newsletter<\/i> de EL PA\u00cdS M\u00e9xico y reciba todas las claves informativas de la actualidad de este pa\u00eds<\/p>\n<\/div>\n<p><\/p>\n","protected":false},"excerpt":{"rendered":"<p>Sergio N, detenido por un homicidio en el restaurante La Polar de Ciudad de M\u00e9xico.FGJCDMX Uno de los principales sospechosos del asesinato de un cliente en el restaurante La Polar ha sido detenido este domingo. Sergio N, alias El Chiquil\u00edn, era el jefe de seguridad del famoso local en Ciudad de M\u00e9xico y fue capturado [&hellip;]<\/p>\n","protected":false},"author":2,"featured_media":8027,"comment_status":"","ping_status":"","sticky":false,"template":"","format":"standard","meta":{"_monsterinsights_skip_tracking":false,"_monsterinsights_sitenote_active":false,"_monsterinsights_sitenote_note":"","_monsterinsights_sitenote_category":0,"footnotes":""},"categories":[7],"tags":[],"class_list":["post-8026","post","type-post","status-publish","format-standard","has-post-thumbnail","hentry","category-michoacan"],"_links":{"self":[{"href":"https:\/\/informebajio.com.mx\/index.php?rest_route=\/wp\/v2\/posts\/8026","targetHints":{"allow":["GET"]}}],"collection":[{"href":"https:\/\/informebajio.com.mx\/index.php?rest_route=\/wp\/v2\/posts"}],"about":[{"href":"https:\/\/informebajio.com.mx\/index.php?rest_route=\/wp\/v2\/types\/post"}],"author":[{"embeddable":true,"href":"https:\/\/informebajio.com.mx\/index.php?rest_route=\/wp\/v2\/users\/2"}],"replies":[{"embeddable":true,"href":"https:\/\/informebajio.com.mx\/index.php?rest_route=%2Fwp%2Fv2%2Fcomments&post=8026"}],"version-history":[{"count":0,"href":"https:\/\/informebajio.com.mx\/index.php?rest_route=\/wp\/v2\/posts\/8026\/revisions"}],"wp:featuredmedia":[{"embeddable":true,"href":"https:\/\/informebajio.com.mx\/index.php?rest_route=\/wp\/v2\/media\/8027"}],"wp:attachment":[{"href":"https:\/\/informebajio.com.mx\/index.php?rest_route=%2Fwp%2Fv2%2Fmedia&parent=8026"}],"wp:term":[{"taxonomy":"category","embeddable":true,"href":"https:\/\/informebajio.com.mx\/index.php?rest_route=%2Fwp%2Fv2%2Fcategories&post=8026"},{"taxonomy":"post_tag","embeddable":true,"href":"https:\/\/informebajio.com.mx\/index.php?rest_route=%2Fwp%2Fv2%2Ftags&post=8026"}],"curies":[{"name":"wp","href":"https:\/\/api.w.org\/{rel}","templated":true}]}}