{"id":8036,"date":"2023-04-17T23:35:23","date_gmt":"2023-04-18T04:35:23","guid":{"rendered":"https:\/\/informebajio.com.mx\/?p=8036"},"modified":"2023-04-17T23:35:23","modified_gmt":"2023-04-18T04:35:23","slug":"urbanizacion-absorbe-superficie-del-ejido-san-pedro-ahuacatlan","status":"publish","type":"post","link":"https:\/\/informebajio.com.mx\/?p=8036","title":{"rendered":"Urbanizaci\u00f3n absorbe superficie\u00a0del ejido San Pedro Ahuacatl\u00e1n"},"content":{"rendered":"<div id=\"content-body-5851641-9918544\">\n<p><b>El ejido de<a rel=\"Follow noopener\" target=\"_self\" href=\"https:\/\/www.elsoldesanjuandelrio.com.mx\/local\/en-mal-estado-90-de-calles-de-san-pedro-ahuacatlan-9717501.html\"> San Pedro Ahuacatl\u00e1n<\/a> <\/b>fue absorbido en gran medida por la urbanizaci\u00f3n que se ha tenido en los \u00faltimos cinco a\u00f1os, de acuerdo con el comisariado de este <b>territorio sanjuanense,<\/b> Jos\u00e9 Clotilde Vega Mancilla.<\/p>\n<p>Al respecto, precis\u00f3 que cerca de 80 hect\u00e1reas del ejido fueron utilizadas para desarrollos inmobiliarios, educativos, industriales y comerciales, dejando \u00fanicamente cerca de <b>70 disponibles para las labores del campo y cabezas de ganado.<\/b><\/p>\n<p>Esta situaci\u00f3n, dijo que gener\u00f3 un desinter\u00e9s entre los campesinos y ganaderos para continuar en la actividad, dado que al no contar con espacios para los animales y <b>para producir el ma\u00edz y frijol como era tradicional, optaron por dedicarse a otras labores.<\/b><\/p>\n<p><i>\u201cQueramos o no, nuestro ejido ya ha sido invadido en un gran porcentaje por la <b>mancha urbana<\/b>, se han instalado muchos servicios de trabajo, industrial, educativos, todo este espacio el ejido siempre lo ha cedido para todo eso, siempre ha tenido el ejido la disposici\u00f3n para contribuir, nos quedan un promedio de 80 hect\u00e1reas disponibles para la agricultura, se ha absorbido por estos sectores unas <b>70 hect\u00e1reas,<\/b> son muchas hect\u00e1reas que se han acabado\u201d, <\/i>dijo.<\/p>\n<p>No descart\u00f3 que con el paso del tiempo, las tierras ejidales de este lugar queden en un menor nivel, dado que el desarrollo y progreso en este lugar continuamente se tienen, es por ello, que en un <b>periodo menos a los 10 a\u00f1os<\/b>, <b>haya menos superficie ejidal en la comunidad. <\/b><\/p>\n<p><b id=\"docs-internal-guid-16fc812c-7fff-788d-b405-cd3723323185\"><b>\u27a1\ufe0f <\/b><a href=\"https:\/\/oem.us16.list-manage.com\/subscribe?u=c04a811ee61dc85305bf7133b&amp;id=f1b85ee5bb\"><b><u>Suscr\u00edbete a nuestro Newsletter y recibe las notas m\u00e1s relevantes en tu correo<\/u><\/b><\/a><\/b><\/p>\n<p>El comisariado coment\u00f3 que son cerca de 120 los integrantes de este sector en la comunidad y todos participan en la aprobaci\u00f3n y autorizaci\u00f3n de los fines que tendr\u00e1 la tierra ejidal del lugar, por lo que en dado caso de que haya m\u00e1s <b>proyectos de urbanizaci\u00f3n en esta lugar,<\/b> ser\u00e1 consensuado entre los ejidatarios.<\/p>\n<\/div>\n<p><script>(function(d, s, id) {\nvar js, fjs = d.getElementsByTagName(s)[0];\nif (d.getElementById(id)) return;\njs = d.createElement(s); js.id = id;\njs.src = 'https:\/\/connect.facebook.net\/es_LA\/sdk.js#xfbml=1&version=v3.2&appId=232029482016746&autoLogAppEvents=1';\nfjs.parentNode.insertBefore(js, fjs);\n}(document, 'script', 'facebook-jssdk'));\n<\/script><\/p>\n","protected":false},"excerpt":{"rendered":"<p>El ejido de San Pedro Ahuacatl\u00e1n fue absorbido en gran medida por la urbanizaci\u00f3n que se ha tenido en los \u00faltimos cinco a\u00f1os, de acuerdo con el comisariado de este territorio sanjuanense, Jos\u00e9 Clotilde Vega Mancilla. Al respecto, precis\u00f3 que cerca de 80 hect\u00e1reas del ejido fueron utilizadas para desarrollos inmobiliarios, educativos, industriales y comerciales, [&hellip;]<\/p>\n","protected":false},"author":2,"featured_media":8037,"comment_status":"","ping_status":"","sticky":false,"template":"","format":"standard","meta":{"_monsterinsights_skip_tracking":false,"_monsterinsights_sitenote_active":false,"_monsterinsights_sitenote_note":"","_monsterinsights_sitenote_category":0,"footnotes":""},"categories":[6],"tags":[],"class_list":["post-8036","post","type-post","status-publish","format-standard","has-post-thumbnail","hentry","category-san-juan-del-rio"],"_links":{"self":[{"href":"https:\/\/informebajio.com.mx\/index.php?rest_route=\/wp\/v2\/posts\/8036","targetHints":{"allow":["GET"]}}],"collection":[{"href":"https:\/\/informebajio.com.mx\/index.php?rest_route=\/wp\/v2\/posts"}],"about":[{"href":"https:\/\/informebajio.com.mx\/index.php?rest_route=\/wp\/v2\/types\/post"}],"author":[{"embeddable":true,"href":"https:\/\/informebajio.com.mx\/index.php?rest_route=\/wp\/v2\/users\/2"}],"replies":[{"embeddable":true,"href":"https:\/\/informebajio.com.mx\/index.php?rest_route=%2Fwp%2Fv2%2Fcomments&post=8036"}],"version-history":[{"count":0,"href":"https:\/\/informebajio.com.mx\/index.php?rest_route=\/wp\/v2\/posts\/8036\/revisions"}],"wp:featuredmedia":[{"embeddable":true,"href":"https:\/\/informebajio.com.mx\/index.php?rest_route=\/wp\/v2\/media\/8037"}],"wp:attachment":[{"href":"https:\/\/informebajio.com.mx\/index.php?rest_route=%2Fwp%2Fv2%2Fmedia&parent=8036"}],"wp:term":[{"taxonomy":"category","embeddable":true,"href":"https:\/\/informebajio.com.mx\/index.php?rest_route=%2Fwp%2Fv2%2Fcategories&post=8036"},{"taxonomy":"post_tag","embeddable":true,"href":"https:\/\/informebajio.com.mx\/index.php?rest_route=%2Fwp%2Fv2%2Ftags&post=8036"}],"curies":[{"name":"wp","href":"https:\/\/api.w.org\/{rel}","templated":true}]}}