{"id":8058,"date":"2023-04-18T05:36:46","date_gmt":"2023-04-18T10:36:46","guid":{"rendered":"https:\/\/informebajio.com.mx\/?p=8058"},"modified":"2023-04-18T05:36:46","modified_gmt":"2023-04-18T10:36:46","slug":"alistan-desfile-de-comparsas-en-tequisquiapan","status":"publish","type":"post","link":"https:\/\/informebajio.com.mx\/?p=8058","title":{"rendered":"Alistan desfile de comparsas en Tequisquiapan"},"content":{"rendered":"<div id=\"content-body-5851641-9927866\">\n<p><b>En el municipio de Tequisquiapan<\/b> se llevar\u00e1 a cabo el <b>Segundo <a rel=\"Follow noopener\" target=\"_self\" href=\"https:\/\/www.elsoldesanjuandelrio.com.mx\/local\/alebrijes-llegan-a-tequisquiapan-en-la-feria-de-color-8284312.html\">Festival del Alebrije<\/a><\/b>, por tal motivo se integr\u00f3 el programa de actividades que se tendr\u00e1 en las pr\u00f3ximas semanas, una de ellas, el <b>desfile de comparsas por las principales calles de la ciudad.<\/b><\/p>\n<p>La directora de Cultura de la demarcaci\u00f3n, Mar\u00eda Cecilia Guillermoprieto Michaus, inform\u00f3 que<b> tres d\u00edas de actividades<\/b> se tendr\u00e1n con este tipo de eventos, <b>29 y 30 de abril, as\u00ed como el 1 de mayo<\/b>, por lo que para ello, se cuenta con un programa amplio de actividades para las<b> familias del Pueblo M\u00e1gico y sus turistas.<\/b><\/p>\n<p>Precis\u00f3 que<b> el 29 de abril se contar\u00e1 con exposici\u00f3n de pintura y escultura \u201cLluvia de Color\u201d<\/b>, presentaci\u00f3n de marionetas Anima-art, concurso de elebrijes en cart\u00f3n, presentaci\u00f3n de danzas y m\u00fasica, estos eventos en el auditorio municipal y jard\u00edn Miguel Hidalgo.<\/p>\n<p><b>El domingo 30 de abril<\/b>, dijo que es cuando se llevar\u00e1 a cabo el <b>desfile de comparsas por las calles c\u00e9ntricas<\/b>, evento en el cual asegur\u00f3 que habr\u00e1 m\u00fasica, baile y color que dar\u00e1 vida a los animados alebrijes que estar\u00e1n en el marco de este evento.<\/p>\n<p><b>El \u00faltimo d\u00eda<\/b>, coment\u00f3 que se realizar\u00e1 la<b> premiaci\u00f3n de las comparsas y disfraces<\/b>, as\u00ed como una exposici\u00f3n de pintura y escultura, adem\u00e1s de que en este d\u00eda, se tendr\u00e1 la presentaci\u00f3n de m\u00fasica con artistas locales. <\/p>\n<p><b>\u27a1\ufe0f <\/b><a href=\"https:\/\/oem.us16.list-manage.com\/subscribe?u=c04a811ee61dc85305bf7133b&amp;id=f1b85ee5bb\"><b>Suscr\u00edbete a nuestro Newsletter y recibe las notas m\u00e1s relevantes en tu correo<\/b><\/a><b\/><\/p>\n<p>Agreg\u00f3 que como parte de las actividades, asimismo se llevar\u00e1 a cabo la<b> coronaci\u00f3n de SGM Georgina, Reina del Festival del Alebrije<\/b> en el centro de la ciudad, por lo que exhort\u00f3 a las familias a participar, ya que ser\u00e1n eventos que se podr\u00e1n disfrutar de esta manera, por eso se programaron para fin de semana.<\/p>\n<\/div>\n<p><script>(function(d, s, id) {\nvar js, fjs = d.getElementsByTagName(s)[0];\nif (d.getElementById(id)) return;\njs = d.createElement(s); js.id = id;\njs.src = 'https:\/\/connect.facebook.net\/es_LA\/sdk.js#xfbml=1&version=v3.2&appId=232029482016746&autoLogAppEvents=1';\nfjs.parentNode.insertBefore(js, fjs);\n}(document, 'script', 'facebook-jssdk'));\n<\/script><\/p>\n","protected":false},"excerpt":{"rendered":"<p>En el municipio de Tequisquiapan se llevar\u00e1 a cabo el Segundo Festival del Alebrije, por tal motivo se integr\u00f3 el programa de actividades que se tendr\u00e1 en las pr\u00f3ximas semanas, una de ellas, el desfile de comparsas por las principales calles de la ciudad. La directora de Cultura de la demarcaci\u00f3n, Mar\u00eda Cecilia Guillermoprieto Michaus, [&hellip;]<\/p>\n","protected":false},"author":2,"featured_media":8059,"comment_status":"","ping_status":"","sticky":false,"template":"","format":"standard","meta":{"_monsterinsights_skip_tracking":false,"_monsterinsights_sitenote_active":false,"_monsterinsights_sitenote_note":"","_monsterinsights_sitenote_category":0,"footnotes":""},"categories":[6],"tags":[],"class_list":["post-8058","post","type-post","status-publish","format-standard","has-post-thumbnail","hentry","category-san-juan-del-rio"],"_links":{"self":[{"href":"https:\/\/informebajio.com.mx\/index.php?rest_route=\/wp\/v2\/posts\/8058","targetHints":{"allow":["GET"]}}],"collection":[{"href":"https:\/\/informebajio.com.mx\/index.php?rest_route=\/wp\/v2\/posts"}],"about":[{"href":"https:\/\/informebajio.com.mx\/index.php?rest_route=\/wp\/v2\/types\/post"}],"author":[{"embeddable":true,"href":"https:\/\/informebajio.com.mx\/index.php?rest_route=\/wp\/v2\/users\/2"}],"replies":[{"embeddable":true,"href":"https:\/\/informebajio.com.mx\/index.php?rest_route=%2Fwp%2Fv2%2Fcomments&post=8058"}],"version-history":[{"count":0,"href":"https:\/\/informebajio.com.mx\/index.php?rest_route=\/wp\/v2\/posts\/8058\/revisions"}],"wp:featuredmedia":[{"embeddable":true,"href":"https:\/\/informebajio.com.mx\/index.php?rest_route=\/wp\/v2\/media\/8059"}],"wp:attachment":[{"href":"https:\/\/informebajio.com.mx\/index.php?rest_route=%2Fwp%2Fv2%2Fmedia&parent=8058"}],"wp:term":[{"taxonomy":"category","embeddable":true,"href":"https:\/\/informebajio.com.mx\/index.php?rest_route=%2Fwp%2Fv2%2Fcategories&post=8058"},{"taxonomy":"post_tag","embeddable":true,"href":"https:\/\/informebajio.com.mx\/index.php?rest_route=%2Fwp%2Fv2%2Ftags&post=8058"}],"curies":[{"name":"wp","href":"https:\/\/api.w.org\/{rel}","templated":true}]}}