{"id":8086,"date":"2023-04-18T11:37:07","date_gmt":"2023-04-18T16:37:07","guid":{"rendered":"https:\/\/informebajio.com.mx\/?p=8086"},"modified":"2023-04-18T11:37:07","modified_gmt":"2023-04-18T16:37:07","slug":"sigue-jornada-contra-influenza","status":"publish","type":"post","link":"https:\/\/informebajio.com.mx\/?p=8086","title":{"rendered":"Sigue jornada contra influenza\u00a0"},"content":{"rendered":"<div id=\"content-body-5851641-9922586\">\n<p>En el estado de<b> Quer\u00e9taro la Secretar\u00eda de Salud (SESA)<\/b> informa que se han aplicado 617 mil 996 dosis de la vacuna <b><a rel=\"Follow noopener\" target=\"_self\" href=\"https:\/\/www.elsoldesanjuandelrio.com.mx\/local\/al-97-vacunacion-contra-la-influenza-en-el-estado-de-queretaro-9902269.html\">contra la influenza,<\/a><\/b> lo que significa un avance de 97.43 por ciento de la meta estatal programada de 634 mil 242 dosis.<\/p>\n<p>En lo que va de la <b>temporada de influenza estacional 2022-2023 <\/b>(semana epidemiol\u00f3gica 40-2022 a la semana 15-2023) se han reportado nueve mil 412 casos positivos a influenza a nivel nacional y se han registrado 287 defunciones en los estados de Aguascalientes, Baja California, Baja California Sur, Coahuila, Colima, Chihuahua, Ciudad de M\u00e9xico, Durango, Guanajuato, Guerrero, Hidalgo, Jalisco, M\u00e9xico, Michoac\u00e1n, Morelos, Nayarit, Nuevo Le\u00f3n, Oaxaca, Puebla, Quer\u00e9taro, Quintana Roo, San Luis Potos\u00ed, Sonora, Tabasco, Tamaulipas, Tlaxcala, Veracruz, Yucat\u00e1n y Zacatecas.<\/p>\n<p>En el estado de <b>Quer\u00e9taro <\/b>se han registrado durante este per\u00edodo mil 170 casos positivos. Se trata de 680 mujeres y 490 hombres, distribuidos en un rango de 20 d\u00edas a 94 a\u00f1os. De estos, diez con domicilio en <b>Amealco de Bonfil, dos en Arroyo Seco, 58 en Cadereyta de Montes, 17 en Col\u00f3n, 56 en Corregidora, 32 en El Marqu\u00e9s, 23 en Ezequiel Montes, cinco en Huimilpan, 28 en Jalpan de Serra, 10 en Pedro Escobedo, tres en Pe\u00f1amiller, 877 en Quer\u00e9taro, tres en San Joaqu\u00edn, 26 en San Juan del R\u00edo, doce en Tequisquiapan y ocho en Tolim\u00e1n. <\/b><\/p>\n<p> Se han registrado 14 defunciones, cuatro hombres, de 16, 36, 50 y 87 a\u00f1os de la capital del estado, un ni\u00f1o de siete meses y una mujer de 74 a\u00f1os de Cadereyta de Montes, dos hombres de 82 y uno de 55 a\u00f1os de Corregidora, una mujer de 66 a\u00f1os de Amealco de Bonfil, una mujer de 72 y un hombre de 74 a\u00f1os de San Juan del R\u00edo, una mujer de 68 a\u00f1os de Tequisquiapan y una mujer de 60 a\u00f1os de Tolim\u00e1n.<\/p>\n<p><b id=\"docs-internal-guid-1459e13c-7fff-8fb4-90fa-7bc0480b52dc\"><b>\u27a1\ufe0f <\/b><a href=\"https:\/\/oem.us16.list-manage.com\/subscribe?u=c04a811ee61dc85305bf7133b&amp;id=f1b85ee5bb\"><b><u>Suscr\u00edbete a nuestro Newsletter y recibe las notas m\u00e1s relevantes en tu correo<\/u><\/b><\/a><\/b><\/p>\n<p>La vacuna se aplica a la poblaci\u00f3n en general a partir de los seis meses de edad en los centros de salud y en unidades m\u00e9dicas familiares del Instituto Mexicano del Seguro Social (IMSS) y del Instituto de Seguridad y Servicios Sociales de los Trabajadores del Estado (ISSSTE).<\/p>\n<\/div>\n<p><script>(function(d, s, id) {\nvar js, fjs = d.getElementsByTagName(s)[0];\nif (d.getElementById(id)) return;\njs = d.createElement(s); js.id = id;\njs.src = 'https:\/\/connect.facebook.net\/es_LA\/sdk.js#xfbml=1&version=v3.2&appId=232029482016746&autoLogAppEvents=1';\nfjs.parentNode.insertBefore(js, fjs);\n}(document, 'script', 'facebook-jssdk'));\n<\/script><\/p>\n","protected":false},"excerpt":{"rendered":"<p>En el estado de Quer\u00e9taro la Secretar\u00eda de Salud (SESA) informa que se han aplicado 617 mil 996 dosis de la vacuna contra la influenza, lo que significa un avance de 97.43 por ciento de la meta estatal programada de 634 mil 242 dosis. En lo que va de la temporada de influenza estacional 2022-2023 [&hellip;]<\/p>\n","protected":false},"author":2,"featured_media":8087,"comment_status":"","ping_status":"","sticky":false,"template":"","format":"standard","meta":{"_monsterinsights_skip_tracking":false,"_monsterinsights_sitenote_active":false,"_monsterinsights_sitenote_note":"","_monsterinsights_sitenote_category":0,"footnotes":""},"categories":[6],"tags":[],"class_list":["post-8086","post","type-post","status-publish","format-standard","has-post-thumbnail","hentry","category-san-juan-del-rio"],"_links":{"self":[{"href":"https:\/\/informebajio.com.mx\/index.php?rest_route=\/wp\/v2\/posts\/8086","targetHints":{"allow":["GET"]}}],"collection":[{"href":"https:\/\/informebajio.com.mx\/index.php?rest_route=\/wp\/v2\/posts"}],"about":[{"href":"https:\/\/informebajio.com.mx\/index.php?rest_route=\/wp\/v2\/types\/post"}],"author":[{"embeddable":true,"href":"https:\/\/informebajio.com.mx\/index.php?rest_route=\/wp\/v2\/users\/2"}],"replies":[{"embeddable":true,"href":"https:\/\/informebajio.com.mx\/index.php?rest_route=%2Fwp%2Fv2%2Fcomments&post=8086"}],"version-history":[{"count":0,"href":"https:\/\/informebajio.com.mx\/index.php?rest_route=\/wp\/v2\/posts\/8086\/revisions"}],"wp:featuredmedia":[{"embeddable":true,"href":"https:\/\/informebajio.com.mx\/index.php?rest_route=\/wp\/v2\/media\/8087"}],"wp:attachment":[{"href":"https:\/\/informebajio.com.mx\/index.php?rest_route=%2Fwp%2Fv2%2Fmedia&parent=8086"}],"wp:term":[{"taxonomy":"category","embeddable":true,"href":"https:\/\/informebajio.com.mx\/index.php?rest_route=%2Fwp%2Fv2%2Fcategories&post=8086"},{"taxonomy":"post_tag","embeddable":true,"href":"https:\/\/informebajio.com.mx\/index.php?rest_route=%2Fwp%2Fv2%2Ftags&post=8086"}],"curies":[{"name":"wp","href":"https:\/\/api.w.org\/{rel}","templated":true}]}}