{"id":8110,"date":"2023-04-18T17:37:34","date_gmt":"2023-04-18T22:37:34","guid":{"rendered":"https:\/\/informebajio.com.mx\/?p=8110"},"modified":"2023-04-18T17:37:34","modified_gmt":"2023-04-18T22:37:34","slug":"plagas-invaden-maguey-pulquero","status":"publish","type":"post","link":"https:\/\/informebajio.com.mx\/?p=8110","title":{"rendered":"Plagas invaden maguey pulquero"},"content":{"rendered":"<div id=\"content-body-5851641-9925079\">\n<p>En riesgo de <b>desaparecer la siembra de 60 hect\u00e1reas <\/b>de maguey pulquero de San Juan del R\u00edo, debido a la presencia que hay de la plaga del <b>gusano picudo negro<\/b> en varios ejidos del municipio.<\/p>\n<p>Lo anterior lo dio a conocer el presidente del Comit\u00e9 Estatal de Sanidad Vegetal de Quer\u00e9taro A.C., (Cesaveq), J. Antonio Guadalupe Le\u00f3n Bocanegra, quien asegur\u00f3 que los lugares en donde se ha identificado es en;<b> El Sitio, Potrero Nuevo, Paso de Mata y Santa Rosa Xajay,<\/b> territorio en donde ya se encuentran los campesinos y t\u00e9cnicos de la organizaci\u00f3n, combatiendo el gusano.<\/p>\n<p><i>\u201cEn lugares de El Sitio, Potrero Nuevo, Paso de Mata, Santa Rosa Xajay, son lugares donde se tiene maguey, lo que hemos visto es que son unas 60 hect\u00e1reas de maguey, hay plaga y enfermedades, algunas como mancha bacteriana, pudrici\u00f3n del cogollo, pero la que m\u00e1s afecta es la plaga del gusano picudo negro\u201d.<\/i><\/p>\n<p>Al respecto, dijo que<b> por cada planta se da una p\u00e9rdida de dos mil pesos<\/b> aproximadamente en caso de no combatir la plaga, debido a la extracci\u00f3n del pulque que del maguey se obtiene, as\u00ed como los cortes que se realizan para la preparaci\u00f3n de la barbacoa o bien, para el forraje de los animales.<\/p>\n<p><i>\u201cSi la plaga ya est\u00e1 m\u00e1s avanzada, le afecta m\u00e1s al maguey, el aguamiel empieza a tener un sabor desagradable, la penca no sirve para barbacoa, la penca hay que recortarla si la ocupan para forraje, o hasta para le\u00f1a, son acciones que da\u00f1an el inventario de los productores, si hay que tener cuidado porque si no, se pierde toda la planta y la inversi\u00f3n, m\u00ednimo son 7 a\u00f1os de vida que la planta tiene de productividad, siempre y cuando est\u00e9 en buenas condiciones, porque si dura m\u00e1s a\u00f1os pero no precisamente para lo mismo\u201d.<\/i><\/p>\n<p><b id=\"docs-internal-guid-ea446529-7fff-ad43-c51d-8851dd2a8e79\"><b>\u27a1\ufe0f <\/b><a href=\"https:\/\/api.whatsapp.com\/message\/X5NQBME4JB5VG1?autoload=1&amp;app_absent=0\"><b><u>Si quieres recibir las noticias en tu Whatsapp, env\u00eda la palabra ALTA<\/u><\/b><\/a><\/b><\/p>\n<p>Refiri\u00f3 que<b> a nivel estatal se tiene un padr\u00f3n de 250 ejemplares<\/b> de este tipo, por esta raz\u00f3n afirm\u00f3 que la agrupaci\u00f3n se mantiene atenta a implementar varias acciones con los campesinos, con la finalidad de evitar p\u00e9rdidas por esta causa, ya que es com\u00fan la presencia de las plagas y enfermedades de la planta, pero si no se atiende, existe el riesgo de que haya p\u00e9rdidas.<\/p>\n<\/div>\n<p><script>(function(d, s, id) {\nvar js, fjs = d.getElementsByTagName(s)[0];\nif (d.getElementById(id)) return;\njs = d.createElement(s); js.id = id;\njs.src = 'https:\/\/connect.facebook.net\/es_LA\/sdk.js#xfbml=1&version=v3.2&appId=232029482016746&autoLogAppEvents=1';\nfjs.parentNode.insertBefore(js, fjs);\n}(document, 'script', 'facebook-jssdk'));\n<\/script><\/p>\n","protected":false},"excerpt":{"rendered":"<p>En riesgo de desaparecer la siembra de 60 hect\u00e1reas de maguey pulquero de San Juan del R\u00edo, debido a la presencia que hay de la plaga del gusano picudo negro en varios ejidos del municipio. Lo anterior lo dio a conocer el presidente del Comit\u00e9 Estatal de Sanidad Vegetal de Quer\u00e9taro A.C., (Cesaveq), J. Antonio [&hellip;]<\/p>\n","protected":false},"author":2,"featured_media":8111,"comment_status":"","ping_status":"","sticky":false,"template":"","format":"standard","meta":{"_monsterinsights_skip_tracking":false,"_monsterinsights_sitenote_active":false,"_monsterinsights_sitenote_note":"","_monsterinsights_sitenote_category":0,"footnotes":""},"categories":[6],"tags":[],"class_list":["post-8110","post","type-post","status-publish","format-standard","has-post-thumbnail","hentry","category-san-juan-del-rio"],"_links":{"self":[{"href":"https:\/\/informebajio.com.mx\/index.php?rest_route=\/wp\/v2\/posts\/8110","targetHints":{"allow":["GET"]}}],"collection":[{"href":"https:\/\/informebajio.com.mx\/index.php?rest_route=\/wp\/v2\/posts"}],"about":[{"href":"https:\/\/informebajio.com.mx\/index.php?rest_route=\/wp\/v2\/types\/post"}],"author":[{"embeddable":true,"href":"https:\/\/informebajio.com.mx\/index.php?rest_route=\/wp\/v2\/users\/2"}],"replies":[{"embeddable":true,"href":"https:\/\/informebajio.com.mx\/index.php?rest_route=%2Fwp%2Fv2%2Fcomments&post=8110"}],"version-history":[{"count":0,"href":"https:\/\/informebajio.com.mx\/index.php?rest_route=\/wp\/v2\/posts\/8110\/revisions"}],"wp:featuredmedia":[{"embeddable":true,"href":"https:\/\/informebajio.com.mx\/index.php?rest_route=\/wp\/v2\/media\/8111"}],"wp:attachment":[{"href":"https:\/\/informebajio.com.mx\/index.php?rest_route=%2Fwp%2Fv2%2Fmedia&parent=8110"}],"wp:term":[{"taxonomy":"category","embeddable":true,"href":"https:\/\/informebajio.com.mx\/index.php?rest_route=%2Fwp%2Fv2%2Fcategories&post=8110"},{"taxonomy":"post_tag","embeddable":true,"href":"https:\/\/informebajio.com.mx\/index.php?rest_route=%2Fwp%2Fv2%2Ftags&post=8110"}],"curies":[{"name":"wp","href":"https:\/\/api.w.org\/{rel}","templated":true}]}}