{"id":8128,"date":"2023-04-18T23:40:22","date_gmt":"2023-04-19T04:40:22","guid":{"rendered":"https:\/\/informebajio.com.mx\/?p=8128"},"modified":"2023-04-18T23:40:22","modified_gmt":"2023-04-19T04:40:22","slug":"anunciaran-plan-de-salud-mental-para-juventudes","status":"publish","type":"post","link":"https:\/\/informebajio.com.mx\/?p=8128","title":{"rendered":"Anunciar\u00e1n plan de salud mental para juventudes"},"content":{"rendered":"<div id=\"content-body-5851641-9933527\">\n<p><b>El pr\u00f3ximo 27 de abril, <\/b>la Direcci\u00f3n Municipal de la Juventud de San Juan del R\u00edo realizar\u00e1 el anuncio de la estrategia integral que implementar\u00e1 para <b>promover y atender la <a rel=\"Follow noopener\" target=\"_self\" href=\"https:\/\/www.elsoldesanjuandelrio.com.mx\/local\/sejuve-atendio-a-mas-de-mil-jovenes-9371039.html\">salud mental de las y los j\u00f3venes<\/a> <\/b>de la demarcaci\u00f3n, a fin de que tengan un desarrollo pleno, dio a conocer el titular de esta dependencia, Luis Alberto Galv\u00e1n Hern\u00e1ndez.<\/p>\n<p>Refiri\u00f3 que<b> el programa que ser\u00e1 anunciado,<\/b> surgi\u00f3 de la necesidad de ejecutar acciones que atendieran de manera directa un tema tan fundamental en la juventud como es la salud mental. Agreg\u00f3 que <b>contar con una salud mental sana ayuda a prevenir las diversas conductas de riesgo<\/b> en las que pudieran caer quienes integran este sector de la poblaci\u00f3n. <\/p>\n<p>A\u00f1adi\u00f3 que si bien se tiene planteado que el programa atienda a las y los j\u00f3venes en un primer nivel, <b>tambi\u00e9n se promover\u00e1 la psicoeducaci\u00f3n para encaminar a j\u00f3venes y adolescentes<\/b> a temas como primeros auxilios psicol\u00f3gicos, fortalecimiento de emociones y la autoestima.<\/p>\n<p><i>\u201cCreo que es prioridad del municipio defender la salud mental y en este caso atender problem\u00e1ticas desde la prevenci\u00f3n. Sabemos que una buena salud mental previene diferentes conductas de riesgo. Entonces, es primordial para nosotros el poder atender esta necesidad tan latente de los j\u00f3venes. Cabe mencionar el hecho de que apostamos por la psicoeducaci\u00f3n, por lo cual no se va a quedar en la atenci\u00f3n de primer nivel (\u2026) es un programa\u201d,<\/i> coment\u00f3. <\/p>\n<p>Puntualiz\u00f3 que aunque el programa arrancar\u00e1 de manera oficial en los pr\u00f3ximos d\u00edas, las atenciones psicol\u00f3gicas a j\u00f3venes y adolescentes de las distintas zonas del municipio iniciaron meses atr\u00e1s. Apunt\u00f3 que durante <b>el primer trimestre de 2023 <\/b>la Direcci\u00f3n Municipal de la Juventud <b>comenz\u00f3 a atender a 40 pacientes de manera constante<\/b>, superando as\u00ed las 150 horas de trabajo. <\/p>\n<p>En ese sentido, subray\u00f3 que con el arranque oficial del programa <b>se prev\u00e9 que el n\u00famero de horas de trabajo se puedan duplicar<\/b> o triplicar, por lo que la dependencia municipal se est\u00e1 preparando para atender a las juventudes con las responsabilidad y calidad correspondiente. <\/p>\n<p><b>Te puede interesar leer: <a rel=\"Follow noopener\" target=\"_self\" href=\"https:\/\/www.elsoldesanjuandelrio.com.mx\/local\/especialistas-piden-atender-depresion-9171826.html\">Especialistas piden atender depresi\u00f3n<\/a><\/b><\/p>\n<p><i>\u201cPrevia a inaugurarse el programa estamos atendiendo a alrededor de 40 pacientes de manera constante. Entonces mencionar que la cantidad de horas que se han brindado en atenci\u00f3n superan ya las 150 horas (\u2026). Esperemos que con el anuncio del programa esta se duplique o se triplique y pues lo ideal es estar preparados para poder brindar la atenci\u00f3n correspondiente a los j\u00f3venes que lo requieran\u201d, <\/i>mencion\u00f3.<\/p>\n<p>Finalmente, detall\u00f3 que esta iniciativa <b>se trabajar\u00e1 en conjunto con el Colegio de Psic\u00f3logos de San Juan del R\u00edo<\/b>, con la Facultad de Psicolog\u00eda de la UAQ, as\u00ed como con el Centro Estatal para la Salud Mental y con el Consejo Estatal Contra las Adicciones. <\/p>\n<p><b>\u27a1\ufe0f <\/b><a href=\"https:\/\/oem.us16.list-manage.com\/subscribe?u=c04a811ee61dc85305bf7133b&amp;id=f1b85ee5bb\"><b>Suscr\u00edbete a nuestro Newsletter y recibe las notas m\u00e1s relevantes en tu correo<\/b><\/a><b\/><\/p>\n<\/div>\n<p><script>(function(d, s, id) {\nvar js, fjs = d.getElementsByTagName(s)[0];\nif (d.getElementById(id)) return;\njs = d.createElement(s); js.id = id;\njs.src = 'https:\/\/connect.facebook.net\/es_LA\/sdk.js#xfbml=1&version=v3.2&appId=232029482016746&autoLogAppEvents=1';\nfjs.parentNode.insertBefore(js, fjs);\n}(document, 'script', 'facebook-jssdk'));\n<\/script><\/p>\n","protected":false},"excerpt":{"rendered":"<p>El pr\u00f3ximo 27 de abril, la Direcci\u00f3n Municipal de la Juventud de San Juan del R\u00edo realizar\u00e1 el anuncio de la estrategia integral que implementar\u00e1 para promover y atender la salud mental de las y los j\u00f3venes de la demarcaci\u00f3n, a fin de que tengan un desarrollo pleno, dio a conocer el titular de esta [&hellip;]<\/p>\n","protected":false},"author":2,"featured_media":8129,"comment_status":"","ping_status":"","sticky":false,"template":"","format":"standard","meta":{"_monsterinsights_skip_tracking":false,"_monsterinsights_sitenote_active":false,"_monsterinsights_sitenote_note":"","_monsterinsights_sitenote_category":0,"footnotes":""},"categories":[6],"tags":[],"class_list":["post-8128","post","type-post","status-publish","format-standard","has-post-thumbnail","hentry","category-san-juan-del-rio"],"_links":{"self":[{"href":"https:\/\/informebajio.com.mx\/index.php?rest_route=\/wp\/v2\/posts\/8128","targetHints":{"allow":["GET"]}}],"collection":[{"href":"https:\/\/informebajio.com.mx\/index.php?rest_route=\/wp\/v2\/posts"}],"about":[{"href":"https:\/\/informebajio.com.mx\/index.php?rest_route=\/wp\/v2\/types\/post"}],"author":[{"embeddable":true,"href":"https:\/\/informebajio.com.mx\/index.php?rest_route=\/wp\/v2\/users\/2"}],"replies":[{"embeddable":true,"href":"https:\/\/informebajio.com.mx\/index.php?rest_route=%2Fwp%2Fv2%2Fcomments&post=8128"}],"version-history":[{"count":0,"href":"https:\/\/informebajio.com.mx\/index.php?rest_route=\/wp\/v2\/posts\/8128\/revisions"}],"wp:featuredmedia":[{"embeddable":true,"href":"https:\/\/informebajio.com.mx\/index.php?rest_route=\/wp\/v2\/media\/8129"}],"wp:attachment":[{"href":"https:\/\/informebajio.com.mx\/index.php?rest_route=%2Fwp%2Fv2%2Fmedia&parent=8128"}],"wp:term":[{"taxonomy":"category","embeddable":true,"href":"https:\/\/informebajio.com.mx\/index.php?rest_route=%2Fwp%2Fv2%2Fcategories&post=8128"},{"taxonomy":"post_tag","embeddable":true,"href":"https:\/\/informebajio.com.mx\/index.php?rest_route=%2Fwp%2Fv2%2Ftags&post=8128"}],"curies":[{"name":"wp","href":"https:\/\/api.w.org\/{rel}","templated":true}]}}