{"id":8196,"date":"2023-04-19T20:58:43","date_gmt":"2023-04-20T01:58:43","guid":{"rendered":"https:\/\/informebajio.com.mx\/?p=8196"},"modified":"2023-04-19T20:58:43","modified_gmt":"2023-04-20T01:58:43","slug":"jucopo-permitira-ingreso-de-reporteros-al-pleno-del-congreso","status":"publish","type":"post","link":"https:\/\/informebajio.com.mx\/?p=8196","title":{"rendered":"Jucopo permitir\u00e1 ingreso de reporteros al pleno del Congreso"},"content":{"rendered":"<div id=\"content-body-225-9934139\">\n<p>Morelia, Michoac\u00e1n (OEM-Infomex).- En reuni\u00f3n de la <b>Junta de Coordinaci\u00f3n Pol\u00edtica (Jucopo)<\/b> celebrada este lunes, los integrantes aprobaron el ingreso de los reporteros al pleno del <b>Congreso local,<\/b> luego de haber sido cancelado por los diputados hace tres a\u00f1os. <\/p>\n<p>Uno de los argumentos que se hab\u00eda dado hace tres a\u00f1os sobre el no permitir el acceso de los reporteros y periodistas que cubren la fuente del <b>Congreso<\/b>, fue el evitar el aumento de los contagios por<b> Covid-19<\/b>, adem\u00e1s de disminuir la aglomeraci\u00f3n de personas en el recinto Legislativo. <\/p>\n<p>A ra\u00edz de la pandemia por el<b> Covid-19<\/b>, los diputados e integrantes del grupo de seguridad del Congreso s\u00f3lo permit\u00edan el acceso por \u201cgoteo\u201d a camar\u00f3grafos, fot\u00f3grafos y algunos enlaces de los propios legisladores. <\/p>\n<p>Este martes, el \u00e1rea de comunicaci\u00f3n social de la 75 Legislatura<b> confirm\u00f3 a El Sol de Morelia,<\/b> que ayer lunes los integrantes de la <b>Jucopo<\/b> durante una reuni\u00f3n aprobaron el acceso de los reporteros y medios de comunicaci\u00f3n al espacio que ya hab\u00eda asignado desde hace tiempo, y que es en la \u00faltima \u00e1rea del pleno del Congreso, justo detr\u00e1s de los grupos parlamentarios del Revolucionario Institucional (PRI) y del Movimiento Regeneraci\u00f3n Nacional (Morena). <\/p>\n<p>La determinaci\u00f3n de los diputados de la Jucopo, se llev\u00f3 a cabo d\u00edas despu\u00e9s de la manifestaci\u00f3n que realizaron reporteros y periodistas de<b> Michoac\u00e1n en el Congreso local<\/b> para exigir un alto al hostigamiento, as\u00ed como tambi\u00e9n respeto hacia el ejercicio period\u00edstico dentro del Legislativo. <\/p>\n<p>Para la sesi\u00f3n extraordinaria que se tiene convocada para este martes a las 16:00 horas, los reporteros y periodistas podr\u00e1n ingresar al espacio para cubrir los m\u00e1s de<b> 40 puntos aprobados <\/b>en la orden del d\u00eda.<\/p>\n<\/div>\n<p><script>(function(d, s, id) {\nvar js, fjs = d.getElementsByTagName(s)[0];\nif (d.getElementById(id)) return;\njs = d.createElement(s); js.id = id;\njs.src = 'https:\/\/connect.facebook.net\/es_LA\/sdk.js#xfbml=1&version=v3.2&appId=2304818722879035&autoLogAppEvents=1';\nfjs.parentNode.insertBefore(js, fjs);\n}(document, 'script', 'facebook-jssdk'));\n<\/script><\/p>\n","protected":false},"excerpt":{"rendered":"<p>Morelia, Michoac\u00e1n (OEM-Infomex).- En reuni\u00f3n de la Junta de Coordinaci\u00f3n Pol\u00edtica (Jucopo) celebrada este lunes, los integrantes aprobaron el ingreso de los reporteros al pleno del Congreso local, luego de haber sido cancelado por los diputados hace tres a\u00f1os. Uno de los argumentos que se hab\u00eda dado hace tres a\u00f1os sobre el no permitir el [&hellip;]<\/p>\n","protected":false},"author":2,"featured_media":8197,"comment_status":"","ping_status":"","sticky":false,"template":"","format":"standard","meta":{"_monsterinsights_skip_tracking":false,"_monsterinsights_sitenote_active":false,"_monsterinsights_sitenote_note":"","_monsterinsights_sitenote_category":0,"footnotes":""},"categories":[7],"tags":[],"class_list":["post-8196","post","type-post","status-publish","format-standard","has-post-thumbnail","hentry","category-michoacan"],"_links":{"self":[{"href":"https:\/\/informebajio.com.mx\/index.php?rest_route=\/wp\/v2\/posts\/8196","targetHints":{"allow":["GET"]}}],"collection":[{"href":"https:\/\/informebajio.com.mx\/index.php?rest_route=\/wp\/v2\/posts"}],"about":[{"href":"https:\/\/informebajio.com.mx\/index.php?rest_route=\/wp\/v2\/types\/post"}],"author":[{"embeddable":true,"href":"https:\/\/informebajio.com.mx\/index.php?rest_route=\/wp\/v2\/users\/2"}],"replies":[{"embeddable":true,"href":"https:\/\/informebajio.com.mx\/index.php?rest_route=%2Fwp%2Fv2%2Fcomments&post=8196"}],"version-history":[{"count":0,"href":"https:\/\/informebajio.com.mx\/index.php?rest_route=\/wp\/v2\/posts\/8196\/revisions"}],"wp:featuredmedia":[{"embeddable":true,"href":"https:\/\/informebajio.com.mx\/index.php?rest_route=\/wp\/v2\/media\/8197"}],"wp:attachment":[{"href":"https:\/\/informebajio.com.mx\/index.php?rest_route=%2Fwp%2Fv2%2Fmedia&parent=8196"}],"wp:term":[{"taxonomy":"category","embeddable":true,"href":"https:\/\/informebajio.com.mx\/index.php?rest_route=%2Fwp%2Fv2%2Fcategories&post=8196"},{"taxonomy":"post_tag","embeddable":true,"href":"https:\/\/informebajio.com.mx\/index.php?rest_route=%2Fwp%2Fv2%2Ftags&post=8196"}],"curies":[{"name":"wp","href":"https:\/\/api.w.org\/{rel}","templated":true}]}}