{"id":8202,"date":"2023-04-19T23:48:43","date_gmt":"2023-04-20T04:48:43","guid":{"rendered":"https:\/\/informebajio.com.mx\/?p=8202"},"modified":"2023-04-19T23:48:43","modified_gmt":"2023-04-20T04:48:43","slug":"peregrinos-recibiran-acompanamiento-hasta-el-tepeyac","status":"publish","type":"post","link":"https:\/\/informebajio.com.mx\/?p=8202","title":{"rendered":"Peregrinos recibir\u00e1n acompa\u00f1amiento hasta el Tepeyac"},"content":{"rendered":"<div id=\"content-body-5851641-9924001\">\n<p>Este a\u00f1o los participantes de la peregrinaci\u00f3n a pie de Quer\u00e9taro a la <b>Bas\u00edlica de Guadalupe<\/b>, tendr\u00e1n un acompa\u00f1amiento por parte de la Coordinaci\u00f3n Estatal de Protecci\u00f3n Civil de Quer\u00e9taro (CEPC), hasta la Ciudad de M\u00e9xico, para contar con asistencia durante sus jornadas de caminata.<\/p>\n<p>Lo anterior lo dio a conocer el titular de la dependencia estatal, Javier Amaya Torres, quien asegur\u00f3 que para ello se tienen mesas de trabajo con la <b>Di\u00f3cesis de Quer\u00e9taro<\/b>, para la estructura de apoyos y atenci\u00f3n para los peregrinos, peregrinas y ciclistas que este a\u00f1o participen en la romer\u00eda queretana. <\/p>\n<p><i>\u201cYa estamos en pl\u00e1ticas el equipo de eventos y an\u00e1lisis de riesgos de Protecci\u00f3n Civil del estado con la Di\u00f3cesis de Quer\u00e9taro, estamos a la espera de mayor informaci\u00f3n de la peregrinaci\u00f3n a la Ciudad de M\u00e9xico, normalmente siempre se operaba hasta los l\u00edmites del estado, cada municipio va aportando personal y eso que se coordina, el a\u00f1o pasado fue la primera vez que mandamos personal de la Coordinaci\u00f3n hasta de t\u00e9rmino de la peregrinaci\u00f3n y este a\u00f1o ser\u00e1 lo mismo enviaremos tres param\u00e9dicos\u201d.<\/i><\/p>\n<p>Esta dependencia prev\u00e9 disponer de<b> seis elementos para brindar asistencia los creyentes,<\/b> tres de ellos param\u00e9dicos que llegar\u00e1n con ellos hasta el Tepeyac, para ello, se acuerda con las autoridades cat\u00f3licas y de los municipios participantes, la manera de trabajo y responsabilidad de cada instancia que brinde acompa\u00f1amiento en la romer\u00eda.<\/p>\n<p><i>\u201cDe todos los servicios que contrata la peregrinaci\u00f3n nosotros vamos a hacer el acompa\u00f1amiento hasta la Bas\u00edlica, ahora se decidi\u00f3 que se acompa\u00f1ar hasta la Ciudad de M\u00e9xico, convenimos con el estado de M\u00e9xico y Ciudad de M\u00e9xico acompa\u00f1ar hasta el t\u00e9rmino si quer\u00edamos que la Coordinaci\u00f3n estuviera al pendiente y para llevar bien los n\u00fameros de c\u00f3mo se est\u00e1 atendiendo a la gente\u201d.<\/i><\/p>\n<p>Por lo anterior, el funcionario estim\u00f3 que <b>a finales del pr\u00f3ximo mes se cuente con el operativo listo<\/b> para la peregrinaci\u00f3n que sale del estado queretano al Cerro del Tepeyac, en el cual participan varias corporaciones de emergencia as\u00ed como de seguridad, para garantizar un buen caminar a los participantes.<\/p>\n<p><b id=\"docs-internal-guid-9fbb6618-7fff-0f8c-bbda-92731166a327\"><b>\u27a1\ufe0f <\/b><a href=\"https:\/\/oem.us16.list-manage.com\/subscribe?u=c04a811ee61dc85305bf7133b&amp;id=f1b85ee5bb\"><b><u>Suscr\u00edbete a nuestro Newsletter y recibe las notas m\u00e1s relevantes en tu correo<\/u><\/b><\/a><\/b><\/p>\n<\/div>\n<p><script>(function(d, s, id) {\nvar js, fjs = d.getElementsByTagName(s)[0];\nif (d.getElementById(id)) return;\njs = d.createElement(s); js.id = id;\njs.src = 'https:\/\/connect.facebook.net\/es_LA\/sdk.js#xfbml=1&version=v3.2&appId=232029482016746&autoLogAppEvents=1';\nfjs.parentNode.insertBefore(js, fjs);\n}(document, 'script', 'facebook-jssdk'));\n<\/script><\/p>\n","protected":false},"excerpt":{"rendered":"<p>Este a\u00f1o los participantes de la peregrinaci\u00f3n a pie de Quer\u00e9taro a la Bas\u00edlica de Guadalupe, tendr\u00e1n un acompa\u00f1amiento por parte de la Coordinaci\u00f3n Estatal de Protecci\u00f3n Civil de Quer\u00e9taro (CEPC), hasta la Ciudad de M\u00e9xico, para contar con asistencia durante sus jornadas de caminata. Lo anterior lo dio a conocer el titular de la [&hellip;]<\/p>\n","protected":false},"author":2,"featured_media":8203,"comment_status":"","ping_status":"","sticky":false,"template":"","format":"standard","meta":{"_monsterinsights_skip_tracking":false,"_monsterinsights_sitenote_active":false,"_monsterinsights_sitenote_note":"","_monsterinsights_sitenote_category":0,"footnotes":""},"categories":[6],"tags":[],"class_list":["post-8202","post","type-post","status-publish","format-standard","has-post-thumbnail","hentry","category-san-juan-del-rio"],"_links":{"self":[{"href":"https:\/\/informebajio.com.mx\/index.php?rest_route=\/wp\/v2\/posts\/8202","targetHints":{"allow":["GET"]}}],"collection":[{"href":"https:\/\/informebajio.com.mx\/index.php?rest_route=\/wp\/v2\/posts"}],"about":[{"href":"https:\/\/informebajio.com.mx\/index.php?rest_route=\/wp\/v2\/types\/post"}],"author":[{"embeddable":true,"href":"https:\/\/informebajio.com.mx\/index.php?rest_route=\/wp\/v2\/users\/2"}],"replies":[{"embeddable":true,"href":"https:\/\/informebajio.com.mx\/index.php?rest_route=%2Fwp%2Fv2%2Fcomments&post=8202"}],"version-history":[{"count":0,"href":"https:\/\/informebajio.com.mx\/index.php?rest_route=\/wp\/v2\/posts\/8202\/revisions"}],"wp:featuredmedia":[{"embeddable":true,"href":"https:\/\/informebajio.com.mx\/index.php?rest_route=\/wp\/v2\/media\/8203"}],"wp:attachment":[{"href":"https:\/\/informebajio.com.mx\/index.php?rest_route=%2Fwp%2Fv2%2Fmedia&parent=8202"}],"wp:term":[{"taxonomy":"category","embeddable":true,"href":"https:\/\/informebajio.com.mx\/index.php?rest_route=%2Fwp%2Fv2%2Fcategories&post=8202"},{"taxonomy":"post_tag","embeddable":true,"href":"https:\/\/informebajio.com.mx\/index.php?rest_route=%2Fwp%2Fv2%2Ftags&post=8202"}],"curies":[{"name":"wp","href":"https:\/\/api.w.org\/{rel}","templated":true}]}}