{"id":8218,"date":"2023-04-20T05:48:53","date_gmt":"2023-04-20T10:48:53","guid":{"rendered":"https:\/\/informebajio.com.mx\/?p=8218"},"modified":"2023-04-20T05:48:53","modified_gmt":"2023-04-20T10:48:53","slug":"llevan-pipas-con-agua-para-ganado","status":"publish","type":"post","link":"https:\/\/informebajio.com.mx\/?p=8218","title":{"rendered":"Llevan pipas con agua para ganado\u00a0"},"content":{"rendered":"<div id=\"content-body-5851641-9931395\">\n<p>Mediante<b> pipas de agua <\/b>se abasteci\u00f3 de agua entre las<b> <a rel=\"Follow noopener\" target=\"_self\" href=\"https:\/\/www.elsoldesanjuandelrio.com.mx\/local\/alistan-plan-emergente-para-el-ganado-9726198.html\">cabezas de ganado<\/a><\/b> de la <b>comunidad de Paso de Mata,<\/b> debido a la falta del recurso natural en los bordos de abrevadero que hay en este lugar, inform\u00f3 el regidor de la comisi\u00f3n de Desarrollo Agropecuario del municipio, Vicente Zamora Rivera.<\/p>\n<p>Refiri\u00f3 que ante esta comisi\u00f3n, un grupo de ganaderos de dicho lugar se presentaron para solicitar el apoyo y contar con agua para el ganado, debido a las <b>cr\u00edticas condiciones en las que se encuentra sin agua <\/b>ni alimento en los potreros, por ello, se abasteci\u00f3 con <b>dos pipas de agua de 10 mil litros cada una,<\/b> el lugar para evitar la muerte de los animales. <\/p>\n<p><i>\u201cHasta ahorita no se han presentado muertes, porque siempre los productores tratan de llevar pipas de agua, hace unas semanas estuve llevando pipas de agua a Paso de Mata a los potreros para que pudieran aprovechar el agua y forraje, fueron dos pipas de agua de 10 mil litros cada una, pero adem\u00e1s, los productores se organizaron y llevaron m\u00e1s pipas de agua al cerro para abastecer al ganado de agua\u201d.<\/i><\/p>\n<p>El regidor coment\u00f3 que se pretende por parte de la comisi\u00f3n que preside, apoyar a medida de sus posibilidades los ganaderos del municipio, por lo que se gestionan distintos apoyos no solo para los integrantes de este gremio, sino tambi\u00e9n para el agr\u00edcola, <b>dadas las condiciones actuales de dichos sectores.<\/b> <\/p>\n<p>Refiri\u00f3 que de manera conjunta con <b>la Secretar\u00eda de Desarrollo Agropecuario del Municipio (Sedam)<\/b>, se est\u00e1 gestionando apoyo ante el gobierno del estado y federal, en aras de contar con mayores recursos y mejorar la cobertura de apoyos para los ganaderos y campesinos.<\/p>\n<p><b id=\"docs-internal-guid-43e90243-7fff-4609-60f4-b9c83118c0f2\"><b>\u27a1\ufe0f <\/b><a href=\"https:\/\/oem.us16.list-manage.com\/subscribe?u=c04a811ee61dc85305bf7133b&amp;id=f1b85ee5bb\"><b><u>Suscr\u00edbete a nuestro Newsletter y recibe las notas m\u00e1s relevantes en tu correo<\/u><\/b><\/a><\/b><\/p>\n<p>Finalmente agreg\u00f3 que se <b>pronostican buenas lluvias <\/b>para las pr\u00f3ximas semanas, aspecto que asegur\u00f3, estar\u00eda contribuyendo a que haya buenos resultados en el <b>campo y ganader\u00eda<\/b>, ya que ambos sectores dependen de ello.<\/p>\n<\/div>\n<p><script>(function(d, s, id) {\nvar js, fjs = d.getElementsByTagName(s)[0];\nif (d.getElementById(id)) return;\njs = d.createElement(s); js.id = id;\njs.src = 'https:\/\/connect.facebook.net\/es_LA\/sdk.js#xfbml=1&version=v3.2&appId=232029482016746&autoLogAppEvents=1';\nfjs.parentNode.insertBefore(js, fjs);\n}(document, 'script', 'facebook-jssdk'));\n<\/script><\/p>\n","protected":false},"excerpt":{"rendered":"<p>Mediante pipas de agua se abasteci\u00f3 de agua entre las cabezas de ganado de la comunidad de Paso de Mata, debido a la falta del recurso natural en los bordos de abrevadero que hay en este lugar, inform\u00f3 el regidor de la comisi\u00f3n de Desarrollo Agropecuario del municipio, Vicente Zamora Rivera. Refiri\u00f3 que ante esta [&hellip;]<\/p>\n","protected":false},"author":2,"featured_media":8219,"comment_status":"","ping_status":"","sticky":false,"template":"","format":"standard","meta":{"_monsterinsights_skip_tracking":false,"_monsterinsights_sitenote_active":false,"_monsterinsights_sitenote_note":"","_monsterinsights_sitenote_category":0,"footnotes":""},"categories":[6],"tags":[],"class_list":["post-8218","post","type-post","status-publish","format-standard","has-post-thumbnail","hentry","category-san-juan-del-rio"],"_links":{"self":[{"href":"https:\/\/informebajio.com.mx\/index.php?rest_route=\/wp\/v2\/posts\/8218","targetHints":{"allow":["GET"]}}],"collection":[{"href":"https:\/\/informebajio.com.mx\/index.php?rest_route=\/wp\/v2\/posts"}],"about":[{"href":"https:\/\/informebajio.com.mx\/index.php?rest_route=\/wp\/v2\/types\/post"}],"author":[{"embeddable":true,"href":"https:\/\/informebajio.com.mx\/index.php?rest_route=\/wp\/v2\/users\/2"}],"replies":[{"embeddable":true,"href":"https:\/\/informebajio.com.mx\/index.php?rest_route=%2Fwp%2Fv2%2Fcomments&post=8218"}],"version-history":[{"count":0,"href":"https:\/\/informebajio.com.mx\/index.php?rest_route=\/wp\/v2\/posts\/8218\/revisions"}],"wp:featuredmedia":[{"embeddable":true,"href":"https:\/\/informebajio.com.mx\/index.php?rest_route=\/wp\/v2\/media\/8219"}],"wp:attachment":[{"href":"https:\/\/informebajio.com.mx\/index.php?rest_route=%2Fwp%2Fv2%2Fmedia&parent=8218"}],"wp:term":[{"taxonomy":"category","embeddable":true,"href":"https:\/\/informebajio.com.mx\/index.php?rest_route=%2Fwp%2Fv2%2Fcategories&post=8218"},{"taxonomy":"post_tag","embeddable":true,"href":"https:\/\/informebajio.com.mx\/index.php?rest_route=%2Fwp%2Fv2%2Ftags&post=8218"}],"curies":[{"name":"wp","href":"https:\/\/api.w.org\/{rel}","templated":true}]}}