{"id":8236,"date":"2023-04-20T10:42:18","date_gmt":"2023-04-20T15:42:18","guid":{"rendered":"https:\/\/informebajio.com.mx\/?p=8236"},"modified":"2023-04-20T10:42:18","modified_gmt":"2023-04-20T15:42:18","slug":"notifica-la-jefa-de-gobierno-al-congreso-capitalino-que-acudira-a-cumbre-en-denver","status":"publish","type":"post","link":"https:\/\/informebajio.com.mx\/?p=8236","title":{"rendered":"Notifica la jefa de Gobierno al Congreso capitalino que acudir\u00e1 a Cumbre en Denver"},"content":{"rendered":"<div id=\"article-content-tts\">\n<div id=\"content_nitf\">\n<p>La jefa de Gobierno, Claudia Sheinbaum Pardo, notific\u00f3 al Congreso de la Ciudad de M\u00e9xico que realizar\u00e1 su primera gira internacional en la ciudad de Denver, Colorado, Estados Unidos, para participar en la primera Cumbre de las Ciudades de las Am\u00e9ricas.<\/p>\n<p>La mandataria inform\u00f3 que su participaci\u00f3n est\u00e1 prevista para los d\u00edas 26 y 27 de abril, por lo que solicit\u00f3 al pleno que se autorice su salida oficial del territorio nacional \u201ca la brevedad posible\u201d, de conformidad con la ley local.<\/p>\n<p>Detall\u00f3 que la Cumbre tiene como prop\u00f3sito promover la cooperaci\u00f3n regional y concretar acciones para combatir retos comunes, as\u00ed como abordar prioridades para las comunidades locales.<\/p>\n<p>En el encuentro participar\u00e1n l\u00edderes subnacionales, representantes del gobierno, sociedad civil, de los sectores empresarial, educativo, de la juventud, cultura, las artes y grupos ind\u00edgenas.<\/p>\n<p>Asimismo, se realizar\u00e1n sesiones plenarias, mesas redondas y paneles con expertos, as\u00ed como compromisos comerciales y actividades abiertas al p\u00fablico.<\/p>\n<\/div>\n<\/div>\n<p><script>\n      !function(f,b,e,v,n,t,s)\n      {if(f.fbq)return;n=f.fbq=function(){n.callMethod?\n      n.callMethod.apply(n,arguments):n.queue.push(arguments)};\n      if(!f._fbq)f._fbq=n;n.push=n;n.loaded=!0;n.version='2.0';\n      n.queue=[];t=b.createElement(e);t.async=!0;\n      t.src=v;s=b.getElementsByTagName(e)[0];\n      s.parentNode.insertBefore(t,s)}(window, document,'script',\n      'https:\/\/connect.facebook.net\/en_US\/fbevents.js');\n      fbq('init', '133913093805922');\n      fbq('track', 'PageView');\n      fbq('track', 'Contact');\n      fbq('track', 'Donate');\n      fbq('track', 'FindLocation');\n      fbq('track', 'Lead');\n      fbq('track', 'Search');\n      fbq('track', 'Subscribe', {value: '0.00', currency: 'MXN', predicted_ltv: '0.00'});\n      fbq('track', 'ViewContent');\n    <\/script><script type=\"text\/javascript\">(function(d, s, id) {\n\t  var js, fjs = d.getElementsByTagName(s)[0];\n\t  if (d.getElementById(id)) return;\n\t  js = d.createElement(s); js.id = id;\n\t  js.src = \"\/\/connect.facebook.net\/es_LA\/sdk.js#xfbml=1&amp;version=v3.3&amp;appId=774389309362880\";\n\t  fjs.parentNode.insertBefore(js, fjs);\n\t}(document, 'script', 'facebook-jssdk'));<\/script><\/p>\n","protected":false},"excerpt":{"rendered":"<p>La jefa de Gobierno, Claudia Sheinbaum Pardo, notific\u00f3 al Congreso de la Ciudad de M\u00e9xico que realizar\u00e1 su primera gira internacional en la ciudad de Denver, Colorado, Estados Unidos, para participar en la primera Cumbre de las Ciudades de las Am\u00e9ricas. La mandataria inform\u00f3 que su participaci\u00f3n est\u00e1 prevista para los d\u00edas 26 y 27 [&hellip;]<\/p>\n","protected":false},"author":2,"featured_media":8237,"comment_status":"","ping_status":"","sticky":false,"template":"","format":"standard","meta":{"_monsterinsights_skip_tracking":false,"_monsterinsights_sitenote_active":false,"_monsterinsights_sitenote_note":"","_monsterinsights_sitenote_category":0,"footnotes":""},"categories":[9],"tags":[],"class_list":["post-8236","post","type-post","status-publish","format-standard","has-post-thumbnail","hentry","category-deportes"],"_links":{"self":[{"href":"https:\/\/informebajio.com.mx\/index.php?rest_route=\/wp\/v2\/posts\/8236","targetHints":{"allow":["GET"]}}],"collection":[{"href":"https:\/\/informebajio.com.mx\/index.php?rest_route=\/wp\/v2\/posts"}],"about":[{"href":"https:\/\/informebajio.com.mx\/index.php?rest_route=\/wp\/v2\/types\/post"}],"author":[{"embeddable":true,"href":"https:\/\/informebajio.com.mx\/index.php?rest_route=\/wp\/v2\/users\/2"}],"replies":[{"embeddable":true,"href":"https:\/\/informebajio.com.mx\/index.php?rest_route=%2Fwp%2Fv2%2Fcomments&post=8236"}],"version-history":[{"count":0,"href":"https:\/\/informebajio.com.mx\/index.php?rest_route=\/wp\/v2\/posts\/8236\/revisions"}],"wp:featuredmedia":[{"embeddable":true,"href":"https:\/\/informebajio.com.mx\/index.php?rest_route=\/wp\/v2\/media\/8237"}],"wp:attachment":[{"href":"https:\/\/informebajio.com.mx\/index.php?rest_route=%2Fwp%2Fv2%2Fmedia&parent=8236"}],"wp:term":[{"taxonomy":"category","embeddable":true,"href":"https:\/\/informebajio.com.mx\/index.php?rest_route=%2Fwp%2Fv2%2Fcategories&post=8236"},{"taxonomy":"post_tag","embeddable":true,"href":"https:\/\/informebajio.com.mx\/index.php?rest_route=%2Fwp%2Fv2%2Ftags&post=8236"}],"curies":[{"name":"wp","href":"https:\/\/api.w.org\/{rel}","templated":true}]}}