{"id":8242,"date":"2023-04-20T11:03:14","date_gmt":"2023-04-20T16:03:14","guid":{"rendered":"https:\/\/informebajio.com.mx\/?p=8242"},"modified":"2023-04-20T11:03:14","modified_gmt":"2023-04-20T16:03:14","slug":"comuneros-de-nahuatzen-exigen-sus-recursos-autonomos","status":"publish","type":"post","link":"https:\/\/informebajio.com.mx\/?p=8242","title":{"rendered":"Comuneros de Nahuatzen exigen sus recursos aut\u00f3nomos"},"content":{"rendered":"<div id=\"content-body-225-9937521\">\n<p>Morelia, Michoac\u00e1n (OEM-Infomex).- Los pobladores de la comunidad ind\u00edgena de Nahuatzen dicen estar cansados de esperar a que les asignen los recursos econ\u00f3micos que por ley les corresponden. Por ello, <b>han puesto de plazo cuatro semanas para que la Secretar\u00eda de Gobierno destrabe un conflicto<\/b> que ya se est\u00e1 haciendo a\u00f1ejo. De lo contrario, prometen que tomar\u00e1n medidas m\u00e1s radicales.<\/p>\n<p><b>En septiembre de 2015<\/b>, los vecinos del pueblo <b>determinaron desconocer a la autoridad municipal e iniciar el proceso en b\u00fasqueda de un gobierno bajo usos y costumbres<\/b>, para lo cual conformaron un consejo ciudadano. La lucha rindi\u00f3 sus primeros frutos en 2017, cuando el Tribunal Electoral del Estado de Michoac\u00e1n (TEEM) les reconoci\u00f3 ese derecho. Por tanto, se instruy\u00f3 al Instituto Electoral de Michoac\u00e1n (IEM) para organizar una asamblea en la que se establecer\u00edan los detalles para transferir los recursos del ayuntamiento a la comunidad. <\/p>\n<p>El 24 de mayo de ese a\u00f1o se realiz\u00f3 la consulta y <b>el 12 de junio el ayuntamiento aprob\u00f3 transferir los recursos<\/b>. Sin embargo, a mediados de noviembre<b> tres l\u00edderes locales fueron acusados por el delito de sabotaje<\/b>: Antonio Arreola Jim\u00e9nez, Jos\u00e9 Luis Jim\u00e9nez y Gerardo Talavera, quienes despu\u00e9s fueron condenados a siete a\u00f1os de prisi\u00f3n. Finalmente, en febrero del 2022 la Suprema Corte de Justicia de la Naci\u00f3n (SCJN) orden\u00f3 su liberaci\u00f3n inmediata, adem\u00e1s de absoluci\u00f3n, pero con todo ese entramado <b>los recursos no han llegado al pueblo.<\/b><\/p>\n<p>En entrevista, Antonio Arreola detall\u00f3 que este martes sostuvieron una reuni\u00f3n con las autoridades estatales para destrabar por completo el conflicto, por lo que la Segob, a trav\u00e9s de su director Juan Daniel Manzo, les prometi\u00f3 una segunda audiencia que habr\u00e1 de realizarse en un plazo m\u00e1ximo de dos semanas. <i>\u201cTenemos la ley de nuestro lado, as\u00ed que no les queda m\u00e1s remedio que otorgarnos los recursos que nos corresponden, los que tanto hemos peleado desde 2015\u201d<\/i>, se\u00f1al\u00f3. <\/p>\n<p><b>Esa cantidad ronda los 35 millones de pesos anuales<\/b>, pero <i>\u201cpr\u00e1cticamente nos los han robado desde 2021<\/i>\u201d, reclam\u00f3 Arreola Jim\u00e9nez. <\/p>\n<h4><b>Crimen asecha a la comunidad<\/b><\/h4>\n<p>Con la dependencia del gobierno municipal, la comunidad ind\u00edgena de Nahuatzen sufre de los embates del crimen organizado. Arreola afirma que no solo hay <b>enfrentamientos entre bandas rivales<\/b>, sino una serie de delitos como el <b>secuestro, cobro de piso y extorsiones.<\/b> <i>\u201cYa nos han dejado tres cuerpos, dos de mujeres y un hombre, pero el gobierno no informa nada. Los mismos elementos de seguridad son los que distribuyen las drogas y no se diga de la deforestaci\u00f3n, porque los bosques se los est\u00e1n acabando para sembrar aguacates\u201d. <\/i><\/p>\n<p>En ese contexto, exige que el gobernador Alfredo Ram\u00edrez Bedolla visite a la comunidad, pero que lo haga abiertamente, pues tienen entendido que cuando ha ido <i><u>\u201ces en secreto, tal vez tiene miedo de que el pueblo le haga reclamos\u201d<\/u><\/i>.<\/p>\n<\/div>\n<p><script>(function(d, s, id) {\nvar js, fjs = d.getElementsByTagName(s)[0];\nif (d.getElementById(id)) return;\njs = d.createElement(s); js.id = id;\njs.src = 'https:\/\/connect.facebook.net\/es_LA\/sdk.js#xfbml=1&version=v3.2&appId=2304818722879035&autoLogAppEvents=1';\nfjs.parentNode.insertBefore(js, fjs);\n}(document, 'script', 'facebook-jssdk'));\n<\/script><\/p>\n","protected":false},"excerpt":{"rendered":"<p>Morelia, Michoac\u00e1n (OEM-Infomex).- Los pobladores de la comunidad ind\u00edgena de Nahuatzen dicen estar cansados de esperar a que les asignen los recursos econ\u00f3micos que por ley les corresponden. Por ello, han puesto de plazo cuatro semanas para que la Secretar\u00eda de Gobierno destrabe un conflicto que ya se est\u00e1 haciendo a\u00f1ejo. De lo contrario, prometen [&hellip;]<\/p>\n","protected":false},"author":2,"featured_media":8243,"comment_status":"","ping_status":"","sticky":false,"template":"","format":"standard","meta":{"_monsterinsights_skip_tracking":false,"_monsterinsights_sitenote_active":false,"_monsterinsights_sitenote_note":"","_monsterinsights_sitenote_category":0,"footnotes":""},"categories":[7],"tags":[],"class_list":["post-8242","post","type-post","status-publish","format-standard","has-post-thumbnail","hentry","category-michoacan"],"_links":{"self":[{"href":"https:\/\/informebajio.com.mx\/index.php?rest_route=\/wp\/v2\/posts\/8242","targetHints":{"allow":["GET"]}}],"collection":[{"href":"https:\/\/informebajio.com.mx\/index.php?rest_route=\/wp\/v2\/posts"}],"about":[{"href":"https:\/\/informebajio.com.mx\/index.php?rest_route=\/wp\/v2\/types\/post"}],"author":[{"embeddable":true,"href":"https:\/\/informebajio.com.mx\/index.php?rest_route=\/wp\/v2\/users\/2"}],"replies":[{"embeddable":true,"href":"https:\/\/informebajio.com.mx\/index.php?rest_route=%2Fwp%2Fv2%2Fcomments&post=8242"}],"version-history":[{"count":0,"href":"https:\/\/informebajio.com.mx\/index.php?rest_route=\/wp\/v2\/posts\/8242\/revisions"}],"wp:featuredmedia":[{"embeddable":true,"href":"https:\/\/informebajio.com.mx\/index.php?rest_route=\/wp\/v2\/media\/8243"}],"wp:attachment":[{"href":"https:\/\/informebajio.com.mx\/index.php?rest_route=%2Fwp%2Fv2%2Fmedia&parent=8242"}],"wp:term":[{"taxonomy":"category","embeddable":true,"href":"https:\/\/informebajio.com.mx\/index.php?rest_route=%2Fwp%2Fv2%2Fcategories&post=8242"},{"taxonomy":"post_tag","embeddable":true,"href":"https:\/\/informebajio.com.mx\/index.php?rest_route=%2Fwp%2Fv2%2Ftags&post=8242"}],"curies":[{"name":"wp","href":"https:\/\/api.w.org\/{rel}","templated":true}]}}