{"id":8260,"date":"2023-04-20T17:53:05","date_gmt":"2023-04-20T22:53:05","guid":{"rendered":"https:\/\/informebajio.com.mx\/?p=8260"},"modified":"2023-04-20T17:53:05","modified_gmt":"2023-04-20T22:53:05","slug":"estudiantes-reanudan-actividades-escolares-en-san-juan-del-rio","status":"publish","type":"post","link":"https:\/\/informebajio.com.mx\/?p=8260","title":{"rendered":"Estudiantes reanudan actividades escolares en San Juan del R\u00edo"},"content":{"rendered":"<div id=\"content-body-5851641-9929022\">\n<p>Desde temprana hora padres de familia y <b>estudiantes del municipio de San Juan del R\u00edo reanudaron sus <a rel=\"Follow noopener\" target=\"_self\" href=\"https:\/\/www.elsoldesanjuandelrio.com.mx\/local\/en-san-juan-241-escuelas-del-nivel-basico-regresan-a-clases-este-lunes-9436693.html\">actividades educativas<\/a>,<\/b> tras<b> dos semanas de descanso<\/b> con motivo de la Semana Santa.<\/p>\n<p>En la localidad sanjuanense, un total de<b> 51 mil 278 estudiantes del nivel b\u00e1sico <\/b>(preescolar, primaria y secundaria), <b>regresaron a las aulas<\/b> para continuar con su formaci\u00f3n escolar en las \u00faltimas semanas correspondientes al ciclo escolar 2022-2023.<\/p>\n<p>De acuerdo a la <b>Unidad de Servicios para la Educaci\u00f3n B\u00e1sica del Estado de Quer\u00e9taro<\/b> (USEBEQ), para ello, los <b>directivos y docentes de las 241 escuelas se prepararon<\/b>, con la intenci\u00f3n de que las instituciones estuvieran listas para las<b> jornadas escolares<\/b> de los menores conforme al calendario oficial de la <b>Secretar\u00eda de Educaci\u00f3n P\u00fablica<\/b> (SEP).<\/p>\n<p>Se inform\u00f3 que este lunes regresaron<b> siete mil 800 estudiantes del nivel preescolar, 28 mil 866 de primaria y 14 mil 612 j\u00f3venes de secundaria <\/b>en sus tres modalidades general, t\u00e9cnica y telesecundaria.<\/p>\n<p>Tambi\u00e9n se detall\u00f3 que<b> reanudaron sus labores, mil 776 docentes<\/b>, de ellos; 283 de preescolar, 887 de primaria y 606 de secundaria en escuelas de la USEBEQ, por lo que se continuar\u00e1 con las actividades educativas durante las pr\u00f3ximas semanas.<\/p>\n<p><b>\u27a1\ufe0f <\/b><a href=\"https:\/\/oem.us16.list-manage.com\/subscribe?u=c04a811ee61dc85305bf7133b&amp;id=f1b85ee5bb\"><b>Suscr\u00edbete a nuestro Newsletter y recibe las notas m\u00e1s relevantes en tu correo<\/b><\/a><b\/><\/p>\n<p>La USEBEQ inform\u00f3 que en las colonias y comunidades sanjuanenses,<b> se cuenta con 73 preescolares, 125 primarias y 43 secundarias,<\/b> todas estas activas hasta el pr\u00f3ximo 26 de julio, d\u00eda en que concluir\u00e1 el ciclo escolar actual.<\/p>\n<\/div>\n<p><script>(function(d, s, id) {\nvar js, fjs = d.getElementsByTagName(s)[0];\nif (d.getElementById(id)) return;\njs = d.createElement(s); js.id = id;\njs.src = 'https:\/\/connect.facebook.net\/es_LA\/sdk.js#xfbml=1&version=v3.2&appId=232029482016746&autoLogAppEvents=1';\nfjs.parentNode.insertBefore(js, fjs);\n}(document, 'script', 'facebook-jssdk'));\n<\/script><\/p>\n","protected":false},"excerpt":{"rendered":"<p>Desde temprana hora padres de familia y estudiantes del municipio de San Juan del R\u00edo reanudaron sus actividades educativas, tras dos semanas de descanso con motivo de la Semana Santa. En la localidad sanjuanense, un total de 51 mil 278 estudiantes del nivel b\u00e1sico (preescolar, primaria y secundaria), regresaron a las aulas para continuar con [&hellip;]<\/p>\n","protected":false},"author":2,"featured_media":8261,"comment_status":"","ping_status":"","sticky":false,"template":"","format":"standard","meta":{"_monsterinsights_skip_tracking":false,"_monsterinsights_sitenote_active":false,"_monsterinsights_sitenote_note":"","_monsterinsights_sitenote_category":0,"footnotes":""},"categories":[6],"tags":[],"class_list":["post-8260","post","type-post","status-publish","format-standard","has-post-thumbnail","hentry","category-san-juan-del-rio"],"_links":{"self":[{"href":"https:\/\/informebajio.com.mx\/index.php?rest_route=\/wp\/v2\/posts\/8260","targetHints":{"allow":["GET"]}}],"collection":[{"href":"https:\/\/informebajio.com.mx\/index.php?rest_route=\/wp\/v2\/posts"}],"about":[{"href":"https:\/\/informebajio.com.mx\/index.php?rest_route=\/wp\/v2\/types\/post"}],"author":[{"embeddable":true,"href":"https:\/\/informebajio.com.mx\/index.php?rest_route=\/wp\/v2\/users\/2"}],"replies":[{"embeddable":true,"href":"https:\/\/informebajio.com.mx\/index.php?rest_route=%2Fwp%2Fv2%2Fcomments&post=8260"}],"version-history":[{"count":0,"href":"https:\/\/informebajio.com.mx\/index.php?rest_route=\/wp\/v2\/posts\/8260\/revisions"}],"wp:featuredmedia":[{"embeddable":true,"href":"https:\/\/informebajio.com.mx\/index.php?rest_route=\/wp\/v2\/media\/8261"}],"wp:attachment":[{"href":"https:\/\/informebajio.com.mx\/index.php?rest_route=%2Fwp%2Fv2%2Fmedia&parent=8260"}],"wp:term":[{"taxonomy":"category","embeddable":true,"href":"https:\/\/informebajio.com.mx\/index.php?rest_route=%2Fwp%2Fv2%2Fcategories&post=8260"},{"taxonomy":"post_tag","embeddable":true,"href":"https:\/\/informebajio.com.mx\/index.php?rest_route=%2Fwp%2Fv2%2Ftags&post=8260"}],"curies":[{"name":"wp","href":"https:\/\/api.w.org\/{rel}","templated":true}]}}