{"id":8262,"date":"2023-04-20T18:05:49","date_gmt":"2023-04-20T23:05:49","guid":{"rendered":"https:\/\/informebajio.com.mx\/?p=8262"},"modified":"2023-04-20T18:05:49","modified_gmt":"2023-04-20T23:05:49","slug":"morena-ganara-las-elecciones-asegura-juan-pablo-celis","status":"publish","type":"post","link":"https:\/\/informebajio.com.mx\/?p=8262","title":{"rendered":"Morena ganar\u00e1 las elecciones, asegura Juan Pablo Celis\u00a0\u00a0"},"content":{"rendered":"<div id=\"content-body-225-9940767\">\n<p>Morelia, Michoac\u00e1n (OEM-Infomex).- Sin el dirigente <b>Mario Delgado Carrillo, el partido Movimiento Regeneraci\u00f3n Nacional (Morena)<\/b> ganar\u00e1 las elecciones de este a\u00f1o y las del 2024, asegur\u00f3 el presidente estatal de ese instituto pol\u00edtico, Juan Pablo Celis, luego de que se prev\u00e9 la invalidaci\u00f3n de ampliaci\u00f3n del mandato de la dirigencia nacional por parte del <b>Tribunal Electoral del Poder Judicial de la Federaci\u00f3n (TEPJF). <\/b><\/p>\n<p>Este mi\u00e9rcoles el TEPJF determinar\u00e1 si se ampl\u00eda el periodo de la dirigencia y secretar\u00eda general de<b> Morena <\/b>nacional encabezada por <b>Delgado Carrillo y Citlali Hern\u00e1ndez,<\/b> respectivamente hasta octubre del 2024, luego de una serie de impugnaciones que presentaron militantes morenistas por modificaciones a los estatutos durante la realizaci\u00f3n del <b>Congreso Nacional<\/b> en septiembre del a\u00f1o pasado. <\/p>\n<p>Tras la posible invalidaci\u00f3n de los magistrados del <b>Tribunal federal,<\/b> tanto 22 gobernadores de Morena como dirigentes locales de ese partido, as\u00ed como consejeros respaldaron la ampliaci\u00f3n del periodo de la dirigencia de Delgado Carrillo y Citlali Hern\u00e1ndez por considerar que s\u00ed hay resultados positivos como el triunfo en 15 gubernaturas, la mayor\u00eda en la <b>C\u00e1mara de Diputados <\/b>y la mayor\u00eda en 19 congresos locales. <\/p>\n<p>Celis Silva, acus\u00f3 que desde el<b> TEPJF<\/b> junto con la oposici\u00f3n se pretende desestabilizar al partido <b>Morena<\/b> con la invalidaci\u00f3n del periodo de la dirigencia actual y que desde su perspectiva ser\u00eda una violaci\u00f3n a los derechos pol\u00edticos electorales de los morenistas. Tambi\u00e9n, mencion\u00f3 que se estar\u00eda atentando contra la autonom\u00eda del partido pol\u00edtico. <\/p>\n<p>Aunque el dirigente de <b>Morena en Michoac\u00e1n<\/b>, respondi\u00f3 que como <b>Comit\u00e9 <\/b>estatal estar\u00e1n esperando los resultados del Tribunal para que puedan tomar una determinaci\u00f3n sobre si estar\u00edan acudiendo a la Suprema Corte de Justicia de la Naci\u00f3n (SCJN), Celis Silva asegur\u00f3 que con Mario Delgado o sin \u00e9l el partido guinda ganar\u00e1 no s\u00f3lo las elecciones del Estado de M\u00e9xico y Coahuila, as\u00ed como las que se vienen en el 2024. <\/p>\n<p><i>\u201cLa diferencia es que nosotros somos un Movimiento y lo que nos gu\u00eda es la conciencia colectiva, por eso estamos seguros en que vamos a ganar elecciones a\u00fan con lo que decida el propio Tribunal, eso no nos preocupa, pero esperaremos los resultados\u201d,<\/i> reafirm\u00f3 el l\u00edder estatal. <\/p>\n<p>El investigador de la <b>Universidad Nacional Aut\u00f3noma de M\u00e9xico (UNAM) <\/b>y militante de Morena, <b>Jhon Ackerman<\/b> principal promotor de las impugnaciones contra la dirigencia de nacional, ha se\u00f1alado en m\u00faltiples ocasiones que Citlalli Hern\u00e1ndez y Mario Delgado no fueron electos por los militantes de Morena.<\/p>\n<\/div>\n<p><script>(function(d, s, id) {\nvar js, fjs = d.getElementsByTagName(s)[0];\nif (d.getElementById(id)) return;\njs = d.createElement(s); js.id = id;\njs.src = 'https:\/\/connect.facebook.net\/es_LA\/sdk.js#xfbml=1&version=v3.2&appId=2304818722879035&autoLogAppEvents=1';\nfjs.parentNode.insertBefore(js, fjs);\n}(document, 'script', 'facebook-jssdk'));\n<\/script><\/p>\n","protected":false},"excerpt":{"rendered":"<p>Morelia, Michoac\u00e1n (OEM-Infomex).- Sin el dirigente Mario Delgado Carrillo, el partido Movimiento Regeneraci\u00f3n Nacional (Morena) ganar\u00e1 las elecciones de este a\u00f1o y las del 2024, asegur\u00f3 el presidente estatal de ese instituto pol\u00edtico, Juan Pablo Celis, luego de que se prev\u00e9 la invalidaci\u00f3n de ampliaci\u00f3n del mandato de la dirigencia nacional por parte del Tribunal [&hellip;]<\/p>\n","protected":false},"author":2,"featured_media":8263,"comment_status":"","ping_status":"","sticky":false,"template":"","format":"standard","meta":{"_monsterinsights_skip_tracking":false,"_monsterinsights_sitenote_active":false,"_monsterinsights_sitenote_note":"","_monsterinsights_sitenote_category":0,"footnotes":""},"categories":[7],"tags":[],"class_list":["post-8262","post","type-post","status-publish","format-standard","has-post-thumbnail","hentry","category-michoacan"],"_links":{"self":[{"href":"https:\/\/informebajio.com.mx\/index.php?rest_route=\/wp\/v2\/posts\/8262","targetHints":{"allow":["GET"]}}],"collection":[{"href":"https:\/\/informebajio.com.mx\/index.php?rest_route=\/wp\/v2\/posts"}],"about":[{"href":"https:\/\/informebajio.com.mx\/index.php?rest_route=\/wp\/v2\/types\/post"}],"author":[{"embeddable":true,"href":"https:\/\/informebajio.com.mx\/index.php?rest_route=\/wp\/v2\/users\/2"}],"replies":[{"embeddable":true,"href":"https:\/\/informebajio.com.mx\/index.php?rest_route=%2Fwp%2Fv2%2Fcomments&post=8262"}],"version-history":[{"count":0,"href":"https:\/\/informebajio.com.mx\/index.php?rest_route=\/wp\/v2\/posts\/8262\/revisions"}],"wp:featuredmedia":[{"embeddable":true,"href":"https:\/\/informebajio.com.mx\/index.php?rest_route=\/wp\/v2\/media\/8263"}],"wp:attachment":[{"href":"https:\/\/informebajio.com.mx\/index.php?rest_route=%2Fwp%2Fv2%2Fmedia&parent=8262"}],"wp:term":[{"taxonomy":"category","embeddable":true,"href":"https:\/\/informebajio.com.mx\/index.php?rest_route=%2Fwp%2Fv2%2Fcategories&post=8262"},{"taxonomy":"post_tag","embeddable":true,"href":"https:\/\/informebajio.com.mx\/index.php?rest_route=%2Fwp%2Fv2%2Ftags&post=8262"}],"curies":[{"name":"wp","href":"https:\/\/api.w.org\/{rel}","templated":true}]}}