{"id":8300,"date":"2023-04-21T05:59:16","date_gmt":"2023-04-21T10:59:16","guid":{"rendered":"https:\/\/informebajio.com.mx\/?p=8300"},"modified":"2023-04-21T05:59:16","modified_gmt":"2023-04-21T10:59:16","slug":"afinan-alarmas-escolares-en-el-municipio-de-san-juan-del-rio","status":"publish","type":"post","link":"https:\/\/informebajio.com.mx\/?p=8300","title":{"rendered":"Afinan alarmas escolares en el municipio de San Juan del R\u00edo"},"content":{"rendered":"<div id=\"content-body-5851641-9937006\">\n<p>El proyecto de<b> <a rel=\"Follow noopener\" target=\"_self\" href=\"https:\/\/www.elsoldesanjuandelrio.com.mx\/local\/afinan-alarma-escolar-para-erradicar-robos-9558527.html\">alarmas escolares <\/a>en el municipio de San Juan del R\u00edo<\/b> se reanudar\u00e1 a partir de las pr\u00f3ximas semanas, con la finalidad de fortalecer las medidas de seguridad en las instituciones educativas del nivel medio superior.<\/p>\n<p>As\u00ed lo refiri\u00f3 el jefe del Departamento de Servicios Regionales III de la<b> Unidad de Servicios para la Educaci\u00f3n B\u00e1sica del Estado de Quer\u00e9taro (USEBEQ),<\/b> \u00c1lvaro Cabrera Monroy, quien afirm\u00f3 que por periodo vacacional se suspendi\u00f3 el proyecto piloto de alarma escolar en instituciones educativas del municipio, mismo que ya se tiene implementado en el jard\u00edn de ni\u00f1os \u201cPablo Cabrera\u201d, y que este mismo, se busca replicar en varios planteles.<\/p>\n<p>Coment\u00f3 que<b> se trata de alarmas escolares que se activan mediante la detecci\u00f3n de personas ajenas<\/b> al plantel una vez que se han terminado estas mismas en el lugar y que mediante ello, los vecinos podr\u00e1n llamar al 911 para evitar actos de vandalismo.<\/p>\n<p>Si bien, hasta la fecha se cuenta con muy poco avance al respecto, dijo que la idea es que los mismos planteles busquen integrarse y a<b> iniciativa de los mismos docentes, directores y padres de familia<\/b> se sumen, ya que la educaci\u00f3n, consider\u00f3 que es responsabilidad de todos.<\/p>\n<p>\u201c<i>Hay un proyecto que est\u00e1 de manera piloto en el jard\u00edn de ni\u00f1os Pablo Cabrera, es el primero en contar con este proyecto, es una c\u00e1mara de seguridad con sensores que se activa al momento de detectar personas ajenas, claro esto cuando ya no hay actividades educativas y los vecinos pueden reportar de manera inmediata al 911\u201d.<\/i><\/p>\n<p><b>\u27a1\ufe0f <\/b><a href=\"https:\/\/oem.us16.list-manage.com\/subscribe?u=c04a811ee61dc85305bf7133b&amp;id=f1b85ee5bb\"><b><u>Suscr\u00edbete a nuestro Newsletter y recibe las notas m\u00e1s relevantes en tu correo<\/u><\/b><\/a><\/p>\n<p>Esta medida, coment\u00f3 que se impuls\u00f3 por parte del gobierno municipal, ya que se cuenta con los robos escolares en el municipio sanjuanense, es por ello, que se busca la participaci\u00f3n de los tutores y en este caso la USEBEQ para mejores resultados. <\/p>\n<\/div>\n<p><script>(function(d, s, id) {\nvar js, fjs = d.getElementsByTagName(s)[0];\nif (d.getElementById(id)) return;\njs = d.createElement(s); js.id = id;\njs.src = 'https:\/\/connect.facebook.net\/es_LA\/sdk.js#xfbml=1&version=v3.2&appId=232029482016746&autoLogAppEvents=1';\nfjs.parentNode.insertBefore(js, fjs);\n}(document, 'script', 'facebook-jssdk'));\n<\/script><\/p>\n","protected":false},"excerpt":{"rendered":"<p>El proyecto de alarmas escolares en el municipio de San Juan del R\u00edo se reanudar\u00e1 a partir de las pr\u00f3ximas semanas, con la finalidad de fortalecer las medidas de seguridad en las instituciones educativas del nivel medio superior. As\u00ed lo refiri\u00f3 el jefe del Departamento de Servicios Regionales III de la Unidad de Servicios para [&hellip;]<\/p>\n","protected":false},"author":2,"featured_media":8301,"comment_status":"","ping_status":"","sticky":false,"template":"","format":"standard","meta":{"_monsterinsights_skip_tracking":false,"_monsterinsights_sitenote_active":false,"_monsterinsights_sitenote_note":"","_monsterinsights_sitenote_category":0,"footnotes":""},"categories":[6],"tags":[],"class_list":["post-8300","post","type-post","status-publish","format-standard","has-post-thumbnail","hentry","category-san-juan-del-rio"],"_links":{"self":[{"href":"https:\/\/informebajio.com.mx\/index.php?rest_route=\/wp\/v2\/posts\/8300","targetHints":{"allow":["GET"]}}],"collection":[{"href":"https:\/\/informebajio.com.mx\/index.php?rest_route=\/wp\/v2\/posts"}],"about":[{"href":"https:\/\/informebajio.com.mx\/index.php?rest_route=\/wp\/v2\/types\/post"}],"author":[{"embeddable":true,"href":"https:\/\/informebajio.com.mx\/index.php?rest_route=\/wp\/v2\/users\/2"}],"replies":[{"embeddable":true,"href":"https:\/\/informebajio.com.mx\/index.php?rest_route=%2Fwp%2Fv2%2Fcomments&post=8300"}],"version-history":[{"count":0,"href":"https:\/\/informebajio.com.mx\/index.php?rest_route=\/wp\/v2\/posts\/8300\/revisions"}],"wp:featuredmedia":[{"embeddable":true,"href":"https:\/\/informebajio.com.mx\/index.php?rest_route=\/wp\/v2\/media\/8301"}],"wp:attachment":[{"href":"https:\/\/informebajio.com.mx\/index.php?rest_route=%2Fwp%2Fv2%2Fmedia&parent=8300"}],"wp:term":[{"taxonomy":"category","embeddable":true,"href":"https:\/\/informebajio.com.mx\/index.php?rest_route=%2Fwp%2Fv2%2Fcategories&post=8300"},{"taxonomy":"post_tag","embeddable":true,"href":"https:\/\/informebajio.com.mx\/index.php?rest_route=%2Fwp%2Fv2%2Ftags&post=8300"}],"curies":[{"name":"wp","href":"https:\/\/api.w.org\/{rel}","templated":true}]}}