{"id":8304,"date":"2023-04-21T06:20:15","date_gmt":"2023-04-21T11:20:15","guid":{"rendered":"https:\/\/informebajio.com.mx\/?p=8304"},"modified":"2023-04-21T06:20:15","modified_gmt":"2023-04-21T11:20:15","slug":"celebran-el-1er-festival-de-la-alegria-en-el-marques","status":"publish","type":"post","link":"https:\/\/informebajio.com.mx\/?p=8304","title":{"rendered":"Celebran el 1er Festival de la Alegr\u00eda en El Marqu\u00e9s"},"content":{"rendered":"<div>\n<h2>El evento fue encabezado por Car Herrera de Kuri<\/h2>\n<p>Noticias<\/p>\n<p>En el marco del D\u00eda de la Ni\u00f1ez, a celebrarse en el mes de abril, la presidenta del Patronato del Sistema Estatal DIF, Car Herrera de Kuri, dio la bienvenida a los m\u00e1s de tres mil asistentes que acudieron al Primer Festival de la Alegr\u00eda de las Ni\u00f1as y los Ni\u00f1os 2023, que se llev\u00f3 a cabo en la Ciudad Joven,\u00a0\u00a0de la Colonia Los H\u00e9roes, en el municipio de El Marqu\u00e9s.\u00a0<\/p>\n<p>Car Herrera de Kuri reconoci\u00f3 que estas actividades permiten fortalecer los valores, estrechar lazos familiares y compartir un ambiente de celebraci\u00f3n entre la ciudadan\u00eda, adem\u00e1s de que es un espect\u00e1culo novedoso, sin costo, lleno de diversi\u00f3n y entretenimiento para todas las edades.\u00a0<\/p>\n<p><!-- Composite Start --><\/p>\n<p><!-- Composite End --><\/p>\n<p>\u201cQueremos que este d\u00eda festejen a lo grande y gracias por ense\u00f1arnos a los adultos a ser un poco como ustedes, a no olvidar lo que verdaderamente importa en esta vida que es so\u00f1ar y que el cielo es el l\u00edmite\u201d, dijo la titular del DIF Estatal en el arranque de la primera de seis presentaciones que habr\u00e1 en cinco municipios del estado.<\/p>\n<p>En su oportunidad, la presidenta del Patronato del Sistema Municipal DIF de El Marqu\u00e9s, Mar\u00eda del Rosario Le\u00f3n Giles, agradeci\u00f3 que este festival haya llegado a su municipio y se congratul\u00f3 por continuar trabajando juntos, SEDIF y SMDIF, para fomentar la uni\u00f3n familiar.<\/p>\n<p>\u201cEste evento es una muestra m\u00e1s del compromiso del DIF Estatal por traer alegr\u00eda y diversi\u00f3n a nuestras familias\u201d, enfatiz\u00f3 Le\u00f3n Giles.<\/p>\n<p>Este programa cont\u00f3 con 10 sets fotogr\u00e1ficos montados con los personajes favoritos de los ni\u00f1os como Mickey Mouse, Paw Patrol, Sonic,\u00a0\u00a0S\u00faper Mario, Princesas de Disney, Minions, Plim Plim, s\u00faper h\u00e9roes D.C., Monsters inc. , y los Avengers.<\/p>\n<p>Con su boleto sellado, los ni\u00f1os tuvieron acceso a los espect\u00e1culos en vivo, shows musicales, recibieron una pelota, dulces, abastecimiento de agua y pudieron participar en la rifa de regalos que incluyeron bicicletas, scooters, tabletas electr\u00f3nicas, patines y juguetes did\u00e1cticos.\u00a0\u00a0<\/p>\n<p>Cabe mencionar que estos eventos se efect\u00faan del 19 al 30 de abril en los municipios de El Marqu\u00e9s, Cadereyta, Corregidora, San Juan del R\u00edo y Quer\u00e9taro. El pr\u00f3ximo festejo se desarrollar\u00e1 en la Unidad Deportiva de Cadereyta de Montes, el jueves 20 de abril; y posteriormente el 23 de abril, el Parque Quer\u00e9taro 2000 ser\u00e1 la sede de la celebraci\u00f3n en el municipio de Quer\u00e9taro.\u00a0<\/p>\n<p><img loading=\"lazy\" decoding=\"async\" class=\"alignnone wp-image-595884 size-full\" src=\"https:\/\/cdn.noticiasdequeretaro.com.mx\/wp-content\/uploads\/2023\/04\/20064708\/Celebran-el-1er-Festival-de-la-Alegr%C3%ADa-en-El-Marqu%C3%A9s-1.jpg\" alt=\"\" width=\"1280\" height=\"853\" srcset=\"https:\/\/cdn.noticiasdequeretaro.com.mx\/wp-content\/uploads\/2023\/04\/20064708\/Celebran-el-1er-Festival-de-la-Alegr%C3%ADa-en-El-Marqu%C3%A9s-1.jpg 1280w, https:\/\/cdn.noticiasdequeretaro.com.mx\/wp-content\/uploads\/2023\/04\/20064708\/Celebran-el-1er-Festival-de-la-Alegr%C3%ADa-en-El-Marqu%C3%A9s-1-600x400.jpg 600w, https:\/\/cdn.noticiasdequeretaro.com.mx\/wp-content\/uploads\/2023\/04\/20064708\/Celebran-el-1er-Festival-de-la-Alegr%C3%ADa-en-El-Marqu%C3%A9s-1-1024x682.jpg 1024w, https:\/\/cdn.noticiasdequeretaro.com.mx\/wp-content\/uploads\/2023\/04\/20064708\/Celebran-el-1er-Festival-de-la-Alegr%C3%ADa-en-El-Marqu%C3%A9s-1-300x200.jpg 300w, https:\/\/cdn.noticiasdequeretaro.com.mx\/wp-content\/uploads\/2023\/04\/20064708\/Celebran-el-1er-Festival-de-la-Alegr%C3%ADa-en-El-Marqu%C3%A9s-1-768x512.jpg 768w\" sizes=\"auto, (max-width: 1280px) 100vw, 1280px\"\/><\/p>\n<\/div>\n<p><\/p>\n","protected":false},"excerpt":{"rendered":"<p>El evento fue encabezado por Car Herrera de Kuri Noticias En el marco del D\u00eda de la Ni\u00f1ez, a celebrarse en el mes de abril, la presidenta del Patronato del Sistema Estatal DIF, Car Herrera de Kuri, dio la bienvenida a los m\u00e1s de tres mil asistentes que acudieron al Primer Festival de la Alegr\u00eda [&hellip;]<\/p>\n","protected":false},"author":2,"featured_media":8305,"comment_status":"","ping_status":"","sticky":false,"template":"","format":"standard","meta":{"_monsterinsights_skip_tracking":false,"_monsterinsights_sitenote_active":false,"_monsterinsights_sitenote_note":"","_monsterinsights_sitenote_category":0,"footnotes":""},"categories":[4],"tags":[],"class_list":["post-8304","post","type-post","status-publish","format-standard","has-post-thumbnail","hentry","category-queretaro"],"_links":{"self":[{"href":"https:\/\/informebajio.com.mx\/index.php?rest_route=\/wp\/v2\/posts\/8304","targetHints":{"allow":["GET"]}}],"collection":[{"href":"https:\/\/informebajio.com.mx\/index.php?rest_route=\/wp\/v2\/posts"}],"about":[{"href":"https:\/\/informebajio.com.mx\/index.php?rest_route=\/wp\/v2\/types\/post"}],"author":[{"embeddable":true,"href":"https:\/\/informebajio.com.mx\/index.php?rest_route=\/wp\/v2\/users\/2"}],"replies":[{"embeddable":true,"href":"https:\/\/informebajio.com.mx\/index.php?rest_route=%2Fwp%2Fv2%2Fcomments&post=8304"}],"version-history":[{"count":0,"href":"https:\/\/informebajio.com.mx\/index.php?rest_route=\/wp\/v2\/posts\/8304\/revisions"}],"wp:featuredmedia":[{"embeddable":true,"href":"https:\/\/informebajio.com.mx\/index.php?rest_route=\/wp\/v2\/media\/8305"}],"wp:attachment":[{"href":"https:\/\/informebajio.com.mx\/index.php?rest_route=%2Fwp%2Fv2%2Fmedia&parent=8304"}],"wp:term":[{"taxonomy":"category","embeddable":true,"href":"https:\/\/informebajio.com.mx\/index.php?rest_route=%2Fwp%2Fv2%2Fcategories&post=8304"},{"taxonomy":"post_tag","embeddable":true,"href":"https:\/\/informebajio.com.mx\/index.php?rest_route=%2Fwp%2Fv2%2Ftags&post=8304"}],"curies":[{"name":"wp","href":"https:\/\/api.w.org\/{rel}","templated":true}]}}