{"id":8306,"date":"2023-04-21T06:46:25","date_gmt":"2023-04-21T11:46:25","guid":{"rendered":"https:\/\/informebajio.com.mx\/?p=8306"},"modified":"2023-04-21T06:46:25","modified_gmt":"2023-04-21T11:46:25","slug":"proteccion-infantil-administrativa","status":"publish","type":"post","link":"https:\/\/informebajio.com.mx\/?p=8306","title":{"rendered":"Protecci\u00f3n infantil administrativa"},"content":{"rendered":"<div id=\"article-content-tts\">\n<div id=\"content_nitf\">\n<p>El inter\u00e9s superior de la ni\u00f1ez es un principio que exige adoptar un enfoque basado en derechos que permita garantizar el respeto y protecci\u00f3n a la dignidad e integridad f\u00edsica, psicol\u00f3gica, moral y espiritual de ni\u00f1as, ni\u00f1os y adolescentes.<\/p>\n<p>El 2 de marzo de 2022, el Pleno de la Sala Superior del Tribunal Federal de Justicia Administrativa, resolvi\u00f3 que la Secretar\u00eda de la Defensa era administrativamente responsable de haber causado la muerte de un hombre de 28 a\u00f1os de edad durante un enfrentamiento con polic\u00edas ministeriales del Estado de Guerrero, entre ellos, el occiso; en el expediente se prob\u00f3 que los miembros del ej\u00e9rcito siempre tuvieron ventaja por el n\u00famero de elementos y armas, as\u00ed como visibilidad y adiestramiento, no obstante, no aplicaron m\u00e9todos de persuasi\u00f3n o disuasi\u00f3n conforme al \u201cManual del Uso de la Fuerza, de aplicaci\u00f3n com\u00fan a las tres fuerzas armadas\u201d, lo que deb\u00eda hacerse de forma previa al uso de la fuerza letal; como consecuencia, se conden\u00f3 al pago de la indemnizaci\u00f3n relativa.<\/p>\n<p>La persona fallecida era concubino y padre de los demandantes, una mujer de 29 a\u00f1os y dos menores de menos de 2 a\u00f1os al momento de los hechos.<\/p>\n<p>Al estar involucrados intereses de menores, el Pleno adopt\u00f3 medidas para reparar y tutelar en mayor medida los derechos de los infantes, por lo que se propuso a la demandada la creaci\u00f3n de un fideicomiso en favor de los menores a fin de garantizar que el pago se destine efectivamente a ellos y que la indemnizaci\u00f3n cumpla su funci\u00f3n que, en el caso, fue que las cantidades otorgadas garanticen su pleno desarrollo. Tambi\u00e9n, se instruy\u00f3 tratamiento psicol\u00f3gico con el prop\u00f3sito de mitigar el da\u00f1o ocasionado en su estructura familiar.<\/p>\n<p>En las controversias que conoce tal Tribunal, cuando afectan los intereses de alg\u00fan menor, se atiende al inter\u00e9s superior de la ni\u00f1ez como principio orientador en la actividad interpretativa.<\/p>\n<\/div>\n<\/div>\n<p><script>\n      !function(f,b,e,v,n,t,s)\n      {if(f.fbq)return;n=f.fbq=function(){n.callMethod?\n      n.callMethod.apply(n,arguments):n.queue.push(arguments)};\n      if(!f._fbq)f._fbq=n;n.push=n;n.loaded=!0;n.version='2.0';\n      n.queue=[];t=b.createElement(e);t.async=!0;\n      t.src=v;s=b.getElementsByTagName(e)[0];\n      s.parentNode.insertBefore(t,s)}(window, document,'script',\n      'https:\/\/connect.facebook.net\/en_US\/fbevents.js');\n      fbq('init', '133913093805922');\n      fbq('track', 'PageView');\n      fbq('track', 'Contact');\n      fbq('track', 'Donate');\n      fbq('track', 'FindLocation');\n      fbq('track', 'Lead');\n      fbq('track', 'Search');\n      fbq('track', 'Subscribe', {value: '0.00', currency: 'MXN', predicted_ltv: '0.00'});\n      fbq('track', 'ViewContent');\n    <\/script><script type=\"text\/javascript\">(function(d, s, id) {\n\t  var js, fjs = d.getElementsByTagName(s)[0];\n\t  if (d.getElementById(id)) return;\n\t  js = d.createElement(s); js.id = id;\n\t  js.src = \"\/\/connect.facebook.net\/es_LA\/sdk.js#xfbml=1&amp;version=v3.3&amp;appId=774389309362880\";\n\t  fjs.parentNode.insertBefore(js, fjs);\n\t}(document, 'script', 'facebook-jssdk'));<\/script><\/p>\n","protected":false},"excerpt":{"rendered":"<p>El inter\u00e9s superior de la ni\u00f1ez es un principio que exige adoptar un enfoque basado en derechos que permita garantizar el respeto y protecci\u00f3n a la dignidad e integridad f\u00edsica, psicol\u00f3gica, moral y espiritual de ni\u00f1as, ni\u00f1os y adolescentes. El 2 de marzo de 2022, el Pleno de la Sala Superior del Tribunal Federal de [&hellip;]<\/p>\n","protected":false},"author":2,"featured_media":8307,"comment_status":"","ping_status":"","sticky":false,"template":"","format":"standard","meta":{"_monsterinsights_skip_tracking":false,"_monsterinsights_sitenote_active":false,"_monsterinsights_sitenote_note":"","_monsterinsights_sitenote_category":0,"footnotes":""},"categories":[9],"tags":[],"class_list":["post-8306","post","type-post","status-publish","format-standard","has-post-thumbnail","hentry","category-deportes"],"_links":{"self":[{"href":"https:\/\/informebajio.com.mx\/index.php?rest_route=\/wp\/v2\/posts\/8306","targetHints":{"allow":["GET"]}}],"collection":[{"href":"https:\/\/informebajio.com.mx\/index.php?rest_route=\/wp\/v2\/posts"}],"about":[{"href":"https:\/\/informebajio.com.mx\/index.php?rest_route=\/wp\/v2\/types\/post"}],"author":[{"embeddable":true,"href":"https:\/\/informebajio.com.mx\/index.php?rest_route=\/wp\/v2\/users\/2"}],"replies":[{"embeddable":true,"href":"https:\/\/informebajio.com.mx\/index.php?rest_route=%2Fwp%2Fv2%2Fcomments&post=8306"}],"version-history":[{"count":0,"href":"https:\/\/informebajio.com.mx\/index.php?rest_route=\/wp\/v2\/posts\/8306\/revisions"}],"wp:featuredmedia":[{"embeddable":true,"href":"https:\/\/informebajio.com.mx\/index.php?rest_route=\/wp\/v2\/media\/8307"}],"wp:attachment":[{"href":"https:\/\/informebajio.com.mx\/index.php?rest_route=%2Fwp%2Fv2%2Fmedia&parent=8306"}],"wp:term":[{"taxonomy":"category","embeddable":true,"href":"https:\/\/informebajio.com.mx\/index.php?rest_route=%2Fwp%2Fv2%2Fcategories&post=8306"},{"taxonomy":"post_tag","embeddable":true,"href":"https:\/\/informebajio.com.mx\/index.php?rest_route=%2Fwp%2Fv2%2Ftags&post=8306"}],"curies":[{"name":"wp","href":"https:\/\/api.w.org\/{rel}","templated":true}]}}