{"id":8326,"date":"2023-04-21T20:55:19","date_gmt":"2023-04-22T01:55:19","guid":{"rendered":"https:\/\/informebajio.com.mx\/?p=8326"},"modified":"2023-04-21T20:55:19","modified_gmt":"2023-04-22T01:55:19","slug":"sobreviviente-del-holocausto","status":"publish","type":"post","link":"https:\/\/informebajio.com.mx\/?p=8326","title":{"rendered":"Sobreviviente del holocausto"},"content":{"rendered":"<div>\n<a class=\"author\" href=\"\/author\/.html\"\/><br \/>\nTiempo de lectura: 1 min.\n<\/div>\n<p>\nMiles de personas se reunieron ayer en el sitio donde se encontraba el campo de exterminio de Auschwitz para participar en la Marcha de los Vivos que cada a\u00f1o recuerda el Holocausto, que esta vez coincide con la v\u00edspera del 80 aniversario de la insurrecci\u00f3n del Gueto de Varsovia. Asistieron sobrevivientes (en la imagen, Waclaw Kornblum, acompa\u00f1ado de una cristiana polaca honrada por salvar a jud\u00edos). La Alemania nazi trat\u00f3 de exterminar a la poblaci\u00f3n jud\u00eda europea.<br \/>\n<span class=\"pie-author\"><br \/>\nFoto <b>Ap<\/b><br \/>\n<\/span>\n<\/p>\n<div>\n<div class=\"article-main\">\n<p>\n<span class=\"tipo-impresa\"><br \/>\n<i class=\"fas fa-newspaper\"\/><br \/>\n<\/span><br \/>\nPeri\u00f3dico La Jornada<br \/>mi\u00e9rcoles 19 de abril de 2023<br \/>\n, p. 29\n<\/p>\n<\/div>\n<\/div>\n<p><script>\n      !function(f,b,e,v,n,t,s)\n      {if(f.fbq)return;n=f.fbq=function(){n.callMethod?\n      n.callMethod.apply(n,arguments):n.queue.push(arguments)};\n      if(!f._fbq)f._fbq=n;n.push=n;n.loaded=!0;n.version='2.0';\n      n.queue=[];t=b.createElement(e);t.async=!0;\n      t.src=v;s=b.getElementsByTagName(e)[0];\n      s.parentNode.insertBefore(t,s)}(window, document,'script',\n      'https:\/\/connect.facebook.net\/en_US\/fbevents.js');\n      fbq('init', '133913093805922');\n      fbq('track', 'PageView');\n      fbq('track', 'Contact');\n      fbq('track', 'Donate');\n      fbq('track', 'FindLocation');\n      fbq('track', 'Lead');\n      fbq('track', 'Search');\n      fbq('track', 'Subscribe', {value: '0.00', currency: 'MXN', predicted_ltv: '0.00'});\n      fbq('track', 'ViewContent');\n    <\/script><script type=\"text\/javascript\">(function(d, s, id) {\n\t  var js, fjs = d.getElementsByTagName(s)[0];\n\t  if (d.getElementById(id)) return;\n\t  js = d.createElement(s); js.id = id;\n\t  js.src = \"\/\/connect.facebook.net\/es_LA\/sdk.js#xfbml=1&amp;version=v3.3&amp;appId=774389309362880\";\n\t  fjs.parentNode.insertBefore(js, fjs);\n\t}(document, 'script', 'facebook-jssdk'));<\/script><\/p>\n","protected":false},"excerpt":{"rendered":"<p>Tiempo de lectura: 1 min. Miles de personas se reunieron ayer en el sitio donde se encontraba el campo de exterminio de Auschwitz para participar en la Marcha de los Vivos que cada a\u00f1o recuerda el Holocausto, que esta vez coincide con la v\u00edspera del 80 aniversario de la insurrecci\u00f3n del Gueto de Varsovia. Asistieron [&hellip;]<\/p>\n","protected":false},"author":2,"featured_media":8327,"comment_status":"","ping_status":"","sticky":false,"template":"","format":"standard","meta":{"_monsterinsights_skip_tracking":false,"_monsterinsights_sitenote_active":false,"_monsterinsights_sitenote_note":"","_monsterinsights_sitenote_category":0,"footnotes":""},"categories":[9],"tags":[],"class_list":["post-8326","post","type-post","status-publish","format-standard","has-post-thumbnail","hentry","category-deportes"],"_links":{"self":[{"href":"https:\/\/informebajio.com.mx\/index.php?rest_route=\/wp\/v2\/posts\/8326","targetHints":{"allow":["GET"]}}],"collection":[{"href":"https:\/\/informebajio.com.mx\/index.php?rest_route=\/wp\/v2\/posts"}],"about":[{"href":"https:\/\/informebajio.com.mx\/index.php?rest_route=\/wp\/v2\/types\/post"}],"author":[{"embeddable":true,"href":"https:\/\/informebajio.com.mx\/index.php?rest_route=\/wp\/v2\/users\/2"}],"replies":[{"embeddable":true,"href":"https:\/\/informebajio.com.mx\/index.php?rest_route=%2Fwp%2Fv2%2Fcomments&post=8326"}],"version-history":[{"count":0,"href":"https:\/\/informebajio.com.mx\/index.php?rest_route=\/wp\/v2\/posts\/8326\/revisions"}],"wp:featuredmedia":[{"embeddable":true,"href":"https:\/\/informebajio.com.mx\/index.php?rest_route=\/wp\/v2\/media\/8327"}],"wp:attachment":[{"href":"https:\/\/informebajio.com.mx\/index.php?rest_route=%2Fwp%2Fv2%2Fmedia&parent=8326"}],"wp:term":[{"taxonomy":"category","embeddable":true,"href":"https:\/\/informebajio.com.mx\/index.php?rest_route=%2Fwp%2Fv2%2Fcategories&post=8326"},{"taxonomy":"post_tag","embeddable":true,"href":"https:\/\/informebajio.com.mx\/index.php?rest_route=%2Fwp%2Fv2%2Ftags&post=8326"}],"curies":[{"name":"wp","href":"https:\/\/api.w.org\/{rel}","templated":true}]}}