{"id":8334,"date":"2023-04-21T21:33:19","date_gmt":"2023-04-22T02:33:19","guid":{"rendered":"https:\/\/informebajio.com.mx\/?p=8334"},"modified":"2023-04-21T21:33:19","modified_gmt":"2023-04-22T02:33:19","slug":"avanza-queretaro-en-atencion-de-personas-en-movilidad-eunice-rendon","status":"publish","type":"post","link":"https:\/\/informebajio.com.mx\/?p=8334","title":{"rendered":"Avanza Quer\u00e9taro en atenci\u00f3n de personas en movilidad Eunice Rend\u00f3n"},"content":{"rendered":"<div>\n<h2>Quer\u00e9taro podr\u00eda generar, con migrantes, un modelo econ\u00f3mico productivo<\/h2>\n<p>Javier Hern\u00e1ndez<\/p>\n<p>Noticias<\/p>\n<p>La coordinadora general de Agenda Migrante, Eunice Rend\u00f3n C\u00e1rdenas, afirm\u00f3 que el estado de Quer\u00e9taro podr\u00eda dejar de ser un lugar de paso y ser una entidad de acogida para las personas migrantes en un modelo econ\u00f3mico productivo, por lo que dijo que el estado se reconoce por su gran desarrollo industrial, lo que permitir\u00eda el poder dotar de empleos a las personas que eventualmente se asienten, adem\u00e1s de generar recaudaci\u00f3n para sus municipios.<\/p>\n<p><!-- Composite Start --><\/p>\n<p><!-- Composite End --><\/p>\n<p>\u201cQuer\u00e9taro ha sido tambi\u00e9n un lugar m\u00e1s de paso, nosotros tambi\u00e9n en la Agenda Migrante en la representaci\u00f3n con Hugo Cabrera en el cap\u00edtulo estatal, tenemos varios albergues con los que estamos trabajando Toribio Romo uno de ellos, ah\u00ed hicimos un foro muy importante y pudimos conversar tambi\u00e9n con los migrantes, entonces cada vez m\u00e1s Quer\u00e9taro es un lugar de paso, de tr\u00e1nsito, pero tambi\u00e9n podr\u00eda ser un estado de acogida en el t\u00e9rmino productivo\u201d.<\/p>\n<p>Rend\u00f3n C\u00e1rdenas reconoci\u00f3 que en t\u00e9rminos legislativos Quer\u00e9taro tambi\u00e9n ha avanzado en cuanto a la atenci\u00f3n de las personas en movilidad, espec\u00edficamente en la creaci\u00f3n de modelos de reintegraci\u00f3n migrante para los que son deportados, as\u00ed como los migrantes en tr\u00e1nsito.<\/p>\n<p>\u201cYo creo que en Quer\u00e9taro ha habido un avance a nivel legislativo en el panorama migrante, se trabaj\u00f3 mucho en la legislatura anterior en que se crearan algunos modelos, incluso tanto de reintegraci\u00f3n migrante para los deportados, como para los migrantes que est\u00e1n de tr\u00e1nsito, adem\u00e1s es un estado que tiene una industria importante, entonces ser\u00eda un estado importante en estos modelos incluyentes de corte econ\u00f3mico y productivo migrante\u201d, reiter\u00f3.<\/p>\n<p>Asimismo, lament\u00f3 que lo preocupante del tema migratorio se aboque a una situaci\u00f3n de inseguridad con la intervenci\u00f3n de los grupos de crimen organizado, se\u00f1al\u00f3 que hay que trabajar profundamente en el tr\u00e1fico de personas el cual en muchas ocasiones no es denunciado, se\u00f1al\u00f3; por lo que proponen que la Unidad de Delincuencia Organizada, Trata y Tr\u00e1fico de Personas, Animales y \u00d3rganos de la Fiscal\u00eda trabajen de manera coordinada con las autoridades norteamericanas para atacar a esos grupos y tratar de erradicar la trata de personas.<\/p>\n<p>\u201cA m\u00ed lo de M\u00e9xico lo que me preocupa es el factor de empuje, es realmente el delito, es realmente la amenaza de grupos del crimen organizado, gentes me han narrado que les env\u00edan la cabeza de un pariente a su casa y decidi\u00f3 irse. Al final lo que sucede en lugares como Zacatecas no saben los testimonios que escuchamos, los presidentes municipales casi lloran, porque has cuentan que ni siquiera las muertes se reportan; Nuevo Laredo tambi\u00e9n es otro estado con mucha inseguridad\u201d.<\/p>\n<\/div>\n<p><\/p>\n","protected":false},"excerpt":{"rendered":"<p>Quer\u00e9taro podr\u00eda generar, con migrantes, un modelo econ\u00f3mico productivo Javier Hern\u00e1ndez Noticias La coordinadora general de Agenda Migrante, Eunice Rend\u00f3n C\u00e1rdenas, afirm\u00f3 que el estado de Quer\u00e9taro podr\u00eda dejar de ser un lugar de paso y ser una entidad de acogida para las personas migrantes en un modelo econ\u00f3mico productivo, por lo que dijo que [&hellip;]<\/p>\n","protected":false},"author":2,"featured_media":8335,"comment_status":"","ping_status":"","sticky":false,"template":"","format":"standard","meta":{"_monsterinsights_skip_tracking":false,"_monsterinsights_sitenote_active":false,"_monsterinsights_sitenote_note":"","_monsterinsights_sitenote_category":0,"footnotes":""},"categories":[4],"tags":[],"class_list":["post-8334","post","type-post","status-publish","format-standard","has-post-thumbnail","hentry","category-queretaro"],"_links":{"self":[{"href":"https:\/\/informebajio.com.mx\/index.php?rest_route=\/wp\/v2\/posts\/8334","targetHints":{"allow":["GET"]}}],"collection":[{"href":"https:\/\/informebajio.com.mx\/index.php?rest_route=\/wp\/v2\/posts"}],"about":[{"href":"https:\/\/informebajio.com.mx\/index.php?rest_route=\/wp\/v2\/types\/post"}],"author":[{"embeddable":true,"href":"https:\/\/informebajio.com.mx\/index.php?rest_route=\/wp\/v2\/users\/2"}],"replies":[{"embeddable":true,"href":"https:\/\/informebajio.com.mx\/index.php?rest_route=%2Fwp%2Fv2%2Fcomments&post=8334"}],"version-history":[{"count":0,"href":"https:\/\/informebajio.com.mx\/index.php?rest_route=\/wp\/v2\/posts\/8334\/revisions"}],"wp:featuredmedia":[{"embeddable":true,"href":"https:\/\/informebajio.com.mx\/index.php?rest_route=\/wp\/v2\/media\/8335"}],"wp:attachment":[{"href":"https:\/\/informebajio.com.mx\/index.php?rest_route=%2Fwp%2Fv2%2Fmedia&parent=8334"}],"wp:term":[{"taxonomy":"category","embeddable":true,"href":"https:\/\/informebajio.com.mx\/index.php?rest_route=%2Fwp%2Fv2%2Fcategories&post=8334"},{"taxonomy":"post_tag","embeddable":true,"href":"https:\/\/informebajio.com.mx\/index.php?rest_route=%2Fwp%2Fv2%2Ftags&post=8334"}],"curies":[{"name":"wp","href":"https:\/\/api.w.org\/{rel}","templated":true}]}}