{"id":8342,"date":"2023-04-22T06:31:24","date_gmt":"2023-04-22T11:31:24","guid":{"rendered":"https:\/\/informebajio.com.mx\/?p=8342"},"modified":"2023-04-22T06:31:24","modified_gmt":"2023-04-22T11:31:24","slug":"hurtan-cables-en-santo-domingo","status":"publish","type":"post","link":"https:\/\/informebajio.com.mx\/?p=8342","title":{"rendered":"Hurtan cables en Santo Domingo"},"content":{"rendered":"<div id=\"content-body-5851641-9942711\">\n<p>La ma\u00f1ana de este mi\u00e9rcoles, algunos feligreses que atraviesan por el<b> templo de Santo Domingo<\/b> se percataron del <b><a rel=\"Follow noopener\" target=\"_self\" href=\"https:\/\/www.elsoldesanjuandelrio.com.mx\/local\/desmantelan-san-juan-por-robo-de-metal-9793022.html\">hurto del cable<\/a> del atrio de esta iglesia,<\/b> hecho que podr\u00eda llevar algunos d\u00edas, pero que hasta este d\u00eda pudieron darse cuenta raz\u00f3n por la que, piden a las autoridades monitorear de noche. <\/p>\n<p>Y es que, fue desde los primeros minutos que, vieron que las tapas de los registros estaban abiertas, pero que, adem\u00e1s no estaban debidamente selladas, suponiendo que <b>quienes se llevaron e cable, <\/b>se tomaron el tiempo de hacer las maniobras para el destape de la <b>base de concreto. <\/b><\/p>\n<p>\u201c<i>Esto pensamos que ya lleva d\u00edas, pero apenas vimos y eso porque estaba salida la tapa, yo creo que eso ya no les sirve a los rateros, pero no puede ser posible que, no respeten ni a la iglesia, ahorita fue por fuera, y despu\u00e9s yo creo que ser\u00e1 por dentro o ya ves que luego hasta las limosnas se andan robando\u201d, mencion\u00f3 uno de los caminantes de la zona.<\/i><\/p>\n<p>Tambi\u00e9n, quienes se percataron de este hecho refirieron que, <b>no es la primera vez que ven cosas que tienen que ver con el vandalismo,<\/b> puesto que en una ocasi\u00f3n disuadieron a un grupo de j\u00f3venes que quer\u00edan rayar el piso del atrio, y ante ellos aprovecharon para solicitar m\u00e1s seguridad en la zona. <\/p>\n<p><i>\u201cNosotros que vivimos en esta calle vecina, es cuando nos damos cuenta y nos hemos peleado con los muchachos que rayan, nos exponemos, pero pensamos en que este es uno de los templos m\u00e1s bonitos de nuestro municipio, por un lado u otro, lo tenemos que defender o cuidar, ya ve que luego hasta las leyendas andan por aqu\u00ed\u201d<\/i>.<\/p>\n<p><b>\u27a1\ufe0f <\/b><a href=\"https:\/\/oem.us16.list-manage.com\/subscribe?u=c04a811ee61dc85305bf7133b&amp;id=f1b85ee5bb\"><b><u>Suscr\u00edbete a nuestro Newsletter y recibe las notas m\u00e1s relevantes en tu correo<\/u><\/b><\/a><\/p>\n<p>En este sentido, es importante recalcar que, a finales del a\u00f1o pasado fue cuando este templo tambi\u00e9n fue v\u00edctima de una persona que, aparentemente bajo los influjos de alguna sustancia nociva tir\u00f3 las balaustradas del exterior, las cuales a\u00fan no han sido reparadas y que est\u00e1 a la espera de que el Instituto Nacional de Antropologia e Historia <b>(INAH) <\/b> contribuya para la su colocaci\u00f3n. <\/p>\n<\/div>\n<p><script>(function(d, s, id) {\nvar js, fjs = d.getElementsByTagName(s)[0];\nif (d.getElementById(id)) return;\njs = d.createElement(s); js.id = id;\njs.src = 'https:\/\/connect.facebook.net\/es_LA\/sdk.js#xfbml=1&version=v3.2&appId=232029482016746&autoLogAppEvents=1';\nfjs.parentNode.insertBefore(js, fjs);\n}(document, 'script', 'facebook-jssdk'));\n<\/script><\/p>\n","protected":false},"excerpt":{"rendered":"<p>La ma\u00f1ana de este mi\u00e9rcoles, algunos feligreses que atraviesan por el templo de Santo Domingo se percataron del hurto del cable del atrio de esta iglesia, hecho que podr\u00eda llevar algunos d\u00edas, pero que hasta este d\u00eda pudieron darse cuenta raz\u00f3n por la que, piden a las autoridades monitorear de noche. Y es que, fue [&hellip;]<\/p>\n","protected":false},"author":2,"featured_media":8343,"comment_status":"","ping_status":"","sticky":false,"template":"","format":"standard","meta":{"_monsterinsights_skip_tracking":false,"_monsterinsights_sitenote_active":false,"_monsterinsights_sitenote_note":"","_monsterinsights_sitenote_category":0,"footnotes":""},"categories":[6],"tags":[],"class_list":["post-8342","post","type-post","status-publish","format-standard","has-post-thumbnail","hentry","category-san-juan-del-rio"],"_links":{"self":[{"href":"https:\/\/informebajio.com.mx\/index.php?rest_route=\/wp\/v2\/posts\/8342","targetHints":{"allow":["GET"]}}],"collection":[{"href":"https:\/\/informebajio.com.mx\/index.php?rest_route=\/wp\/v2\/posts"}],"about":[{"href":"https:\/\/informebajio.com.mx\/index.php?rest_route=\/wp\/v2\/types\/post"}],"author":[{"embeddable":true,"href":"https:\/\/informebajio.com.mx\/index.php?rest_route=\/wp\/v2\/users\/2"}],"replies":[{"embeddable":true,"href":"https:\/\/informebajio.com.mx\/index.php?rest_route=%2Fwp%2Fv2%2Fcomments&post=8342"}],"version-history":[{"count":0,"href":"https:\/\/informebajio.com.mx\/index.php?rest_route=\/wp\/v2\/posts\/8342\/revisions"}],"wp:featuredmedia":[{"embeddable":true,"href":"https:\/\/informebajio.com.mx\/index.php?rest_route=\/wp\/v2\/media\/8343"}],"wp:attachment":[{"href":"https:\/\/informebajio.com.mx\/index.php?rest_route=%2Fwp%2Fv2%2Fmedia&parent=8342"}],"wp:term":[{"taxonomy":"category","embeddable":true,"href":"https:\/\/informebajio.com.mx\/index.php?rest_route=%2Fwp%2Fv2%2Fcategories&post=8342"},{"taxonomy":"post_tag","embeddable":true,"href":"https:\/\/informebajio.com.mx\/index.php?rest_route=%2Fwp%2Fv2%2Ftags&post=8342"}],"curies":[{"name":"wp","href":"https:\/\/api.w.org\/{rel}","templated":true}]}}