{"id":8348,"date":"2023-04-22T07:13:35","date_gmt":"2023-04-22T12:13:35","guid":{"rendered":"https:\/\/informebajio.com.mx\/?p=8348"},"modified":"2023-04-22T07:13:35","modified_gmt":"2023-04-22T12:13:35","slug":"preocupaba-a-amlo-la-depreciacion-del-avion-presidencial","status":"publish","type":"post","link":"https:\/\/informebajio.com.mx\/?p=8348","title":{"rendered":"Preocupaba a AMLO la depreciaci\u00f3n del avi\u00f3n presidencial"},"content":{"rendered":"<div id=\"content_nitf\">\n<p>El presidente Andr\u00e9s Manuel L\u00f3pez Obrador manifest\u00f3 su benepl\u00e1cito por la venta del TP01 Boeing 787, el llamado avi\u00f3n presidencial, que fue adquirido por el gobierno de Tayikist\u00e1n por un monto de mil 658 millones millones de pesos.<\/p>\n<p>Se\u00f1al\u00f3 que una de las preocupaciones de su administraci\u00f3n era la depreciaci\u00f3n de la aeronave conforme pasaba el tiempo. Se\u00f1al\u00f3 que \u201ctambi\u00e9n ten\u00eda una falla de origen en la fabricaci\u00f3n, que sali\u00f3 desde el primer aval\u00fao y eso le baj\u00f3 el precio, adem\u00e1s de que fue creciendo ese desperfecto, pero el \u00faltimo aval\u00fao que se realiz\u00f3 fue de mil 658 millones de pesos\u201d.<\/p>\n<p>En conferencia matutina desde el Puerto de Veracruz record\u00f3 que la aeronave no puede usarse en vuelos nacionales, debido a que t\u00e9cnicamente debe volar distancias largas de cinco a 10 horas de vuelo, y el territorio nacional se puede recorrer en menos tiempo.<\/p>\n<p>Asegur\u00f3 que su compra, al concluir la administraci\u00f3n del ex presidente Felipe Calder\u00f3n, \u201cfue un desprop\u00f3sito\u201d, pues no hay un avi\u00f3n de esas caracter\u00edsticas que opere en vuelos nacionales en ninguna aerol\u00ednea del pa\u00eds. \u201cCosto much\u00edsimo, porque es un avi\u00f3n muy lujoso. En una situaci\u00f3n normal es para 240 pasajeros, pero lo adaptaron para 80\u201d, puntualiz\u00f3.<\/p>\n<p>Luego de presentar im\u00e1genes del lujoso interior del avi\u00f3n, que incluyen oficina y alcoba con caminadora, insisti\u00f3 en que se trat\u00f3 de un \u201cdesprop\u00f3sito, con lujos para peque\u00f1os faraones acomplejados\u201d.<\/p>\n<p>L\u00f3pez Obrador indic\u00f3 que a 10 a\u00f1os desde su fabricaci\u00f3n, el avi\u00f3n s\u00f3lo tuvo un promedio de 70 d\u00edas en horas de vuelo, aunque gener\u00f3 onerosos gastos de mantenimiento que implicaba su traslado a Estados Unidos dos o tres veces al a\u00f1o.<\/p>\n<p>Reconoci\u00f3 que su venta fue un proceso largo, pues desde el inicio de su administraci\u00f3n se busco su venta, al ser una promesa de campa\u00f1a, pero \u201cno hab\u00eda clientes. Se lo ofrec\u00ed al presidente (Donald) Trump, se lo ofrec\u00ed al presidente (Joe) Biden, se lo ofrecimos a la vicepresidente Kamala Harris, pero cuando le explicaba c\u00f3mo era el avi\u00f3n, nada m\u00e1s se re\u00eda\u201d.<\/p>\n<p>Destac\u00f3 que tambi\u00e9n se realiz\u00f3 su rifa, lo que permiti\u00f3 obtener fondos que se usaron para la construcci\u00f3n de escuelas y centros de salud. Reiter\u00f3 que los recursos obtenidos por la venta del avi\u00f3n presidencia se destinaran a la construcci\u00f3n de dos hospitales, uno en Tlapa, en la Monta\u00f1a de Guerrero, \u201cque es la zona m\u00e1s pobre de M\u00e9xico\u201d, y otro en Tuxtepec, Oaxaca. Contar\u00e1n con 80 camas cada uno y atenci\u00f3n de especialidades, equipamiento y acceso a medicinas gratuitas.<\/p>\n<\/div>\n<p><script>\n      !function(f,b,e,v,n,t,s)\n      {if(f.fbq)return;n=f.fbq=function(){n.callMethod?\n      n.callMethod.apply(n,arguments):n.queue.push(arguments)};\n      if(!f._fbq)f._fbq=n;n.push=n;n.loaded=!0;n.version='2.0';\n      n.queue=[];t=b.createElement(e);t.async=!0;\n      t.src=v;s=b.getElementsByTagName(e)[0];\n      s.parentNode.insertBefore(t,s)}(window, document,'script',\n      'https:\/\/connect.facebook.net\/en_US\/fbevents.js');\n      fbq('init', '133913093805922');\n      fbq('track', 'PageView');\n      fbq('track', 'Contact');\n      fbq('track', 'Donate');\n      fbq('track', 'FindLocation');\n      fbq('track', 'Lead');\n      fbq('track', 'Search');\n      fbq('track', 'Subscribe', {value: '0.00', currency: 'MXN', predicted_ltv: '0.00'});\n      fbq('track', 'ViewContent');\n    <\/script><script type=\"text\/javascript\">(function(d, s, id) {\n\t  var js, fjs = d.getElementsByTagName(s)[0];\n\t  if (d.getElementById(id)) return;\n\t  js = d.createElement(s); js.id = id;\n\t  js.src = \"\/\/connect.facebook.net\/es_LA\/sdk.js#xfbml=1&amp;version=v3.3&amp;appId=774389309362880\";\n\t  fjs.parentNode.insertBefore(js, fjs);\n\t}(document, 'script', 'facebook-jssdk'));<\/script><\/p>\n","protected":false},"excerpt":{"rendered":"<p>El presidente Andr\u00e9s Manuel L\u00f3pez Obrador manifest\u00f3 su benepl\u00e1cito por la venta del TP01 Boeing 787, el llamado avi\u00f3n presidencial, que fue adquirido por el gobierno de Tayikist\u00e1n por un monto de mil 658 millones millones de pesos. Se\u00f1al\u00f3 que una de las preocupaciones de su administraci\u00f3n era la depreciaci\u00f3n de la aeronave conforme pasaba [&hellip;]<\/p>\n","protected":false},"author":2,"featured_media":8349,"comment_status":"","ping_status":"","sticky":false,"template":"","format":"standard","meta":{"_monsterinsights_skip_tracking":false,"_monsterinsights_sitenote_active":false,"_monsterinsights_sitenote_note":"","_monsterinsights_sitenote_category":0,"footnotes":""},"categories":[9],"tags":[],"class_list":["post-8348","post","type-post","status-publish","format-standard","has-post-thumbnail","hentry","category-deportes"],"_links":{"self":[{"href":"https:\/\/informebajio.com.mx\/index.php?rest_route=\/wp\/v2\/posts\/8348","targetHints":{"allow":["GET"]}}],"collection":[{"href":"https:\/\/informebajio.com.mx\/index.php?rest_route=\/wp\/v2\/posts"}],"about":[{"href":"https:\/\/informebajio.com.mx\/index.php?rest_route=\/wp\/v2\/types\/post"}],"author":[{"embeddable":true,"href":"https:\/\/informebajio.com.mx\/index.php?rest_route=\/wp\/v2\/users\/2"}],"replies":[{"embeddable":true,"href":"https:\/\/informebajio.com.mx\/index.php?rest_route=%2Fwp%2Fv2%2Fcomments&post=8348"}],"version-history":[{"count":0,"href":"https:\/\/informebajio.com.mx\/index.php?rest_route=\/wp\/v2\/posts\/8348\/revisions"}],"wp:featuredmedia":[{"embeddable":true,"href":"https:\/\/informebajio.com.mx\/index.php?rest_route=\/wp\/v2\/media\/8349"}],"wp:attachment":[{"href":"https:\/\/informebajio.com.mx\/index.php?rest_route=%2Fwp%2Fv2%2Fmedia&parent=8348"}],"wp:term":[{"taxonomy":"category","embeddable":true,"href":"https:\/\/informebajio.com.mx\/index.php?rest_route=%2Fwp%2Fv2%2Fcategories&post=8348"},{"taxonomy":"post_tag","embeddable":true,"href":"https:\/\/informebajio.com.mx\/index.php?rest_route=%2Fwp%2Fv2%2Ftags&post=8348"}],"curies":[{"name":"wp","href":"https:\/\/api.w.org\/{rel}","templated":true}]}}