{"id":8358,"date":"2023-04-22T13:38:32","date_gmt":"2023-04-22T18:38:32","guid":{"rendered":"https:\/\/informebajio.com.mx\/?p=8358"},"modified":"2023-04-22T13:38:32","modified_gmt":"2023-04-22T18:38:32","slug":"nutrida-exposicion-de-cabezas-de-ganado-en-festejos-sanjuanenses","status":"publish","type":"post","link":"https:\/\/informebajio.com.mx\/?p=8358","title":{"rendered":"Nutrida exposici\u00f3n de cabezas de ganado en festejos sanjuanenses"},"content":{"rendered":"<div id=\"content-body-5851641-9951974\">\n<p><b>Exposici\u00f3n de aves de combate y ornato<\/b>, as\u00ed como de <b><a href=\"https:\/\/www.elsoldesanjuandelrio.com.mx\/local\/proyectan-renovar-la-exposicion-ganadera-en-la-feria-9693291.html\" target=\"_self\" rel=\"Follow noopener\">ganado ovino, caprino y equino<\/a><\/b>, se tendr\u00e1n durante la <b>Feria San Juan 2023,<\/b> para ello, se realizan los respectivos preparativos, inform\u00f3 el presidente de la Asociaci\u00f3n Ganadera Local General de San Juan del R\u00edo (AGLGSJR), <b>Jos\u00e9 de Jes\u00fas Navarrete Dom\u00edngue<\/b>z.<\/p>\n<p>Mencion\u00f3 que aunque<b> no se han dado a conocer las fechas del festejo municipal<\/b>, por parte de la agrupaci\u00f3n ganadera se ha trabajado en la participaci\u00f3n que tendr\u00e1 durante las pr\u00f3ximas semanas, con la finalidad de que haya <b>eventos y actividades atractivas para los sanjuanenses durante las festividades locales.<\/b><\/p>\n<p><i>\u201cTendremos exposiciones y juicios de ganado ovino, caprino, equino y de aves de combate y ornato, adem\u00e1s de una escuela de juzgamiento de ganado Holstein por un solo d\u00eda, nos dividimos en sectores para la organizaci\u00f3n de los eventos, para el tema de la cabalgata, la flor m\u00e1s bella del ejido y la exposici\u00f3n ganadera, la asociaci\u00f3n estar\u00e1 organizando la exposici\u00f3n y pretendemos es que haya una exposici\u00f3n y juzgamiento de Holstein\u201d.<\/i><\/p>\n<p>El ganadero asegur\u00f3 que este a\u00f1o en espec\u00edfico <b>se tiene proyectado contar con un nutrido programa del sector ganadero<\/b>, con la finalidad de reanudar dichos eventos que desde que comenzaron los festejos municipales, siempre se ha tenido la intervenci\u00f3n de los integrantes de este sector.<\/p>\n<p>Aunque <b>no precis\u00f3 el n\u00famero de productores pecuarios que en esta ocasi\u00f3n participar\u00e1<\/b> en los festejos, afirm\u00f3 que se pretende que haya una buena participaci\u00f3n de ellos mismos, con la intenci\u00f3n de retomar la esencia que desde sus inicios tuvo la feria y que estaba enfocada precisamente a la vocaci\u00f3n ganadera.<\/p>\n<p><b>\u27a1\ufe0f <\/b><a href=\"https:\/\/oem.us16.list-manage.com\/subscribe?u=c04a811ee61dc85305bf7133b&amp;id=f1b85ee5bb\"><b>Suscr\u00edbete a nuestro Newsletter y recibe las notas m\u00e1s relevantes en tu correo<\/b><\/a><\/p>\n<\/div>\n<p><script>(function(d, s, id) {\nvar js, fjs = d.getElementsByTagName(s)[0];\nif (d.getElementById(id)) return;\njs = d.createElement(s); js.id = id;\njs.src = 'https:\/\/connect.facebook.net\/es_LA\/sdk.js#xfbml=1&version=v3.2&appId=232029482016746&autoLogAppEvents=1';\nfjs.parentNode.insertBefore(js, fjs);\n}(document, 'script', 'facebook-jssdk'));\n<\/script><\/p>\n","protected":false},"excerpt":{"rendered":"<p>Exposici\u00f3n de aves de combate y ornato, as\u00ed como de ganado ovino, caprino y equino, se tendr\u00e1n durante la Feria San Juan 2023, para ello, se realizan los respectivos preparativos, inform\u00f3 el presidente de la Asociaci\u00f3n Ganadera Local General de San Juan del R\u00edo (AGLGSJR), Jos\u00e9 de Jes\u00fas Navarrete Dom\u00ednguez. Mencion\u00f3 que aunque no se [&hellip;]<\/p>\n","protected":false},"author":2,"featured_media":8359,"comment_status":"","ping_status":"","sticky":false,"template":"","format":"standard","meta":{"_monsterinsights_skip_tracking":false,"_monsterinsights_sitenote_active":false,"_monsterinsights_sitenote_note":"","_monsterinsights_sitenote_category":0,"footnotes":""},"categories":[6],"tags":[],"class_list":["post-8358","post","type-post","status-publish","format-standard","has-post-thumbnail","hentry","category-san-juan-del-rio"],"_links":{"self":[{"href":"https:\/\/informebajio.com.mx\/index.php?rest_route=\/wp\/v2\/posts\/8358","targetHints":{"allow":["GET"]}}],"collection":[{"href":"https:\/\/informebajio.com.mx\/index.php?rest_route=\/wp\/v2\/posts"}],"about":[{"href":"https:\/\/informebajio.com.mx\/index.php?rest_route=\/wp\/v2\/types\/post"}],"author":[{"embeddable":true,"href":"https:\/\/informebajio.com.mx\/index.php?rest_route=\/wp\/v2\/users\/2"}],"replies":[{"embeddable":true,"href":"https:\/\/informebajio.com.mx\/index.php?rest_route=%2Fwp%2Fv2%2Fcomments&post=8358"}],"version-history":[{"count":0,"href":"https:\/\/informebajio.com.mx\/index.php?rest_route=\/wp\/v2\/posts\/8358\/revisions"}],"wp:featuredmedia":[{"embeddable":true,"href":"https:\/\/informebajio.com.mx\/index.php?rest_route=\/wp\/v2\/media\/8359"}],"wp:attachment":[{"href":"https:\/\/informebajio.com.mx\/index.php?rest_route=%2Fwp%2Fv2%2Fmedia&parent=8358"}],"wp:term":[{"taxonomy":"category","embeddable":true,"href":"https:\/\/informebajio.com.mx\/index.php?rest_route=%2Fwp%2Fv2%2Fcategories&post=8358"},{"taxonomy":"post_tag","embeddable":true,"href":"https:\/\/informebajio.com.mx\/index.php?rest_route=%2Fwp%2Fv2%2Ftags&post=8358"}],"curies":[{"name":"wp","href":"https:\/\/api.w.org\/{rel}","templated":true}]}}